{"id":2681,"date":"2018-11-12T12:18:43","date_gmt":"2018-11-12T12:18:43","guid":{"rendered":"http:\/\/www.minenergia.cl\/autoconsumo\/?p=2681"},"modified":"2018-11-12T12:19:23","modified_gmt":"2018-11-12T12:19:23","slug":"2681","status":"publish","type":"post","link":"https:\/\/autoconsumo.minenergia.cl\/?p=2681","title":{"rendered":"Experto expuso potencial de la geotermia para descontaminar Coyhaique"},"content":{"rendered":"<p class=\"p1\"><img loading=\"lazy\" decoding=\"async\" class=\"alignnone size-full wp-image-2682\" src=\"https:\/\/autoconsumo.minenergia.cl\/wp-content\/uploads\/2018\/11\/coyhaique.jpg\" alt=\"\" width=\"500\" height=\"332\" srcset=\"https:\/\/autoconsumo.minenergia.cl\/wp-content\/uploads\/2018\/11\/coyhaique.jpg 500w, https:\/\/autoconsumo.minenergia.cl\/wp-content\/uploads\/2018\/11\/coyhaique-300x199.jpg 300w\" sizes=\"auto, (max-width: 500px) 100vw, 500px\" \/><\/p>\n<p class=\"p1\">Coyhaique-. En el marco de la sexta sesi\u00f3n de la mesa p\u00fablico-privada por la descontaminaci\u00f3n, celebrada el s\u00e1bado 10 de noviembre en el Gobierno Regional de Ays\u00e9n, la Intendenta Geoconda Navarrete Arratia asisti\u00f3 a las exposiciones realizadas por el ingeniero el\u00e9ctrico Oscar \u00c1lamos, jefe de la Divisi\u00f3n de Seguridad y Mercado Energ\u00e9tico del ministerio de Energ\u00eda, el ge\u00f3logo Diego Aravena del Centro de Excelencia en Geotermia de Los Andes (CEGA) y la municipalidad de Coyhaique<\/p>\n<p class=\"p2\">En su exposici\u00f3n referida a la posible utilizaci\u00f3n de la energ\u00eda geot\u00e9rmica para calefacci\u00f3n domiciliaria, el ge\u00f3logo del CEGA dijo que la regi\u00f3n de Ays\u00e9n tiene \u201cun enorme potencial\u201d. Aravena explic\u00f3 que la magnitud de ese potencial incluye recursos h\u00eddricos y de suelo que est\u00e1n disponibles para aprovecharlos.<\/p>\n<p class=\"p2\">\u201cProponemos utilizar la energ\u00eda geot\u00e9rmica que se almacena como energ\u00eda en los primeros metros de suelo, lo que permite utilizar con un poco de energ\u00eda el\u00e9ctrica robarle energ\u00eda al suelo, y al agua subterr\u00e1nea, de manera muy eficiente. Esta es la tecnolog\u00eda m\u00e1s eficiente para calefaccionar, no le estamos sacando calor al aire, sino al suelo\u201d. Se trata de una tecnolog\u00eda similar a la del aire acondicionado,\u201d pero m\u00e1s eficiente ya que el calor se extrae del agua subterr\u00e1nea; por tanto, las eficiencias que se alcanzan con estas tecnolog\u00edas no se pueden lograr con ninguna otra, adem\u00e1s, es una tecnolog\u00eda que no contamina\u201d, precis\u00f3 el experto.<\/p>\n<table width=\"359\">\n<tbody>\n<tr>\n<td><img loading=\"lazy\" decoding=\"async\" src=\"http:\/\/www.eldivisadero.cl\/media\/notis2\/geotermia3.jpg\" alt=\"\" width=\"331\" height=\"209\" \/><\/p>\n<p><em><strong>\u00d3scar \u00c1lamos, expositor del ministerio de Energ\u00eda<\/strong><\/em><\/td>\n<\/tr>\n<\/tbody>\n<\/table>\n<p class=\"p2\">Por su parte, el expositor del ministerio de Energ\u00eda, Oscar \u00c1lamos, argument\u00f3 en su charla titulada Tarificaci\u00f3n y Planificaci\u00f3n de los Sistemas Medianos que, en rigor, la regi\u00f3n aplica por sus recursos naturales para generaci\u00f3n el\u00e9ctrica, pero \u201cestos deben ser aprovechados en la medida que esto sea eficiente para el sistema en t\u00e9rminos del costo\u201d.<\/p>\n<p class=\"p2\">\u00c1lamos explic\u00f3 que tanto la generaci\u00f3n como la distribuci\u00f3n el\u00e9ctricas est\u00e1n dise\u00f1adas para abastecer una demanda. \u201cLa conversaci\u00f3n que tuvimos aqu\u00ed fue sobre lo vital que resulta la demanda, por ello, todos los procesos de planificaci\u00f3n de inversiones que terminan en la tarifa tienen detr\u00e1s una demanda; ella tiene detr\u00e1s una visi\u00f3n regional, tanto de su crecimiento propio, crecimiento de la poblaci\u00f3n y de la industria, como as\u00ed tambi\u00e9n visiones futuras, como podr\u00eda ser aqu\u00ed cambiar un energ\u00e9tico como le\u00f1a por electricidad\u201d.<\/p>\n<p class=\"p2\">Seg\u00fan el experto, en la regi\u00f3n existen muchos recursos renovables, por tanto, la producci\u00f3n de electricidad podr\u00eda ser a trav\u00e9s de esos recursos renovables, lo que implicar\u00eda un beneficio para la regi\u00f3n, tanto en la disminuci\u00f3n de la contaminaci\u00f3n como en temas de sustentabilidad. \u201cQu\u00e9 mejor para la regi\u00f3n que generar su energ\u00eda utilizando sus propios recursos sin tener que depender de otros\u201d, precis\u00f3.<\/p>\n<p class=\"p3\"><strong>Intendenta compromete apoyo t\u00e9cnico a municipio<\/strong><\/p>\n<p class=\"p2\">Tras escuchar a los tres exponentes, la Intendenta Navarrete se detuvo a analizar la propuesta del municipio de Coyhaique. \u201cLa municipalidad, al igual que nuestro gobierno, ha puesto de manifiesto la necesidad de avanzar de manera seria y con medidas concretas (para descontaminar la ciudad)\u201d, reconoci\u00f3 la Intendente, quien en la ocasi\u00f3n valor\u00f3 la presencia del alcalde Alejandro Huala y sus concejales en las reuniones sostenidas en Santiago con la ministra de Medio Ambiente y el Subsecretario de Desarrollo Regional, \u201cdonde adquirimos compromisos mutuos para seguir avanzando\u201d, sostuvo Navarrete.<\/p>\n<p class=\"p2\">La Intendenta dijo que m\u00e1s all\u00e1 de las propuestas del alcalde, \u201ccomo gobierno le hemos ofrecido avanzar y socializar una potencial ordenanza respecto a la calidad de la le\u00f1a que se vende\u201d.<\/p>\n<p class=\"p2\">Por ello, Navarrete explic\u00f3 que cualquier otra medida que se tome en tal sentido no puede ignorar que el 95% de la contaminaci\u00f3n de la ciudad se relaciona con la emisi\u00f3n del humo de le\u00f1a, la que no cumple con las condiciones de calidad, debido a su alto grado de humedad.<\/p>\n<p class=\"p2\">\u201cHicimos el ofrecimiento y el alcalde se comprometi\u00f3 a evaluarlo; queremos apoyarlo estableciendo un panel de trabajo que nos permita ver hasta d\u00f3nde podemos avanzar en t\u00e9rminos de una potencial ordenanza\u201d, asegur\u00f3.<\/p>\n<p class=\"p2\">La primera autoridad regional explic\u00f3 que mientras no exista una ley vigente -como ha comprometido el ministerio de Energ\u00eda para convertir a la le\u00f1a en combustible- \u201ctenemos que avanzar en la medida de nuestras posibilidades locales o regionales\u201d.<\/p>\n<p class=\"p2\">Por \u00faltimo, Geoconda Navarrete manifest\u00f3 la disposici\u00f3n del Gobierno de evaluar la propuesta del alcalde Alejandro Huala, como un plan piloto que permita conocer el impacto que pudiera tener la instalaci\u00f3n de catalizadores o filtros, as\u00ed como su proyecci\u00f3n en el tiempo, sus costos y su compatibilizaci\u00f3n con otras medidas en curso.<\/p>\n<p class=\"p2\">Fuente:\u00a0<a href=\"http:\/\/www.eldivisadero.cl\/noticia-50104\">http:\/\/www.eldivisadero.cl\/<\/a><\/p>\n","protected":false},"excerpt":{"rendered":"<p>Coyhaique-. En el marco de la sexta sesi\u00f3n de la mesa p\u00fablico-privada por la descontaminaci\u00f3n, celebrada el s\u00e1bado 10 de noviembre en el Gobierno Regional de Ays\u00e9n, la Intendenta Geoconda Navarrete Arratia asisti\u00f3 a las exposiciones realizadas por el ingeniero el\u00e9ctrico Oscar \u00c1lamos, jefe de la Divisi\u00f3n de Seguridad y Mercado Energ\u00e9tico del ministerio de [&hellip;]<\/p>\n","protected":false},"author":3,"featured_media":2682,"comment_status":"open","ping_status":"open","sticky":false,"template":"","format":"standard","meta":{"footnotes":""},"categories":[3],"tags":[],"class_list":["post-2681","post","type-post","status-publish","format-standard","has-post-thumbnail","hentry","category-noticias"],"_links":{"self":[{"href":"https:\/\/autoconsumo.minenergia.cl\/index.php?rest_route=\/wp\/v2\/posts\/2681","targetHints":{"allow":["GET"]}}],"collection":[{"href":"https:\/\/autoconsumo.minenergia.cl\/index.php?rest_route=\/wp\/v2\/posts"}],"about":[{"href":"https:\/\/autoconsumo.minenergia.cl\/index.php?rest_route=\/wp\/v2\/types\/post"}],"author":[{"embeddable":true,"href":"https:\/\/autoconsumo.minenergia.cl\/index.php?rest_route=\/wp\/v2\/users\/3"}],"replies":[{"embeddable":true,"href":"https:\/\/autoconsumo.minenergia.cl\/index.php?rest_route=%2Fwp%2Fv2%2Fcomments&post=2681"}],"version-history":[{"count":2,"href":"https:\/\/autoconsumo.minenergia.cl\/index.php?rest_route=\/wp\/v2\/posts\/2681\/revisions"}],"predecessor-version":[{"id":2684,"href":"https:\/\/autoconsumo.minenergia.cl\/index.php?rest_route=\/wp\/v2\/posts\/2681\/revisions\/2684"}],"wp:featuredmedia":[{"embeddable":true,"href":"https:\/\/autoconsumo.minenergia.cl\/index.php?rest_route=\/wp\/v2\/media\/2682"}],"wp:attachment":[{"href":"https:\/\/autoconsumo.minenergia.cl\/index.php?rest_route=%2Fwp%2Fv2%2Fmedia&parent=2681"}],"wp:term":[{"taxonomy":"category","embeddable":true,"href":"https:\/\/autoconsumo.minenergia.cl\/index.php?rest_route=%2Fwp%2Fv2%2Fcategories&post=2681"},{"taxonomy":"post_tag","embeddable":true,"href":"https:\/\/autoconsumo.minenergia.cl\/index.php?rest_route=%2Fwp%2Fv2%2Ftags&post=2681"}],"curies":[{"name":"wp","href":"https:\/\/api.w.org\/{rel}","templated":true}]}}