{"id":2689,"date":"2018-11-16T13:19:59","date_gmt":"2018-11-16T13:19:59","guid":{"rendered":"http:\/\/www.minenergia.cl\/autoconsumo\/?p=2689"},"modified":"2018-11-16T13:31:53","modified_gmt":"2018-11-16T13:31:53","slug":"curso-biogas-2018-para-tomadores-de-desicion","status":"publish","type":"post","link":"https:\/\/autoconsumo.minenergia.cl\/?p=2689","title":{"rendered":"Curso Biog\u00e1s 2018 para tomadores de desici\u00f3n"},"content":{"rendered":"<div class=\"c-maintitle c-font-uppercase c-font-bold c-font-30 c-margin-b-0\"><img loading=\"lazy\" decoding=\"async\" class=\"alignnone size-full wp-image-2690\" src=\"https:\/\/autoconsumo.minenergia.cl\/wp-content\/uploads\/2018\/11\/biogasheader.png\" alt=\"\" width=\"1789\" height=\"567\" srcset=\"https:\/\/autoconsumo.minenergia.cl\/wp-content\/uploads\/2018\/11\/biogasheader.png 1789w, https:\/\/autoconsumo.minenergia.cl\/wp-content\/uploads\/2018\/11\/biogasheader-300x95.png 300w, https:\/\/autoconsumo.minenergia.cl\/wp-content\/uploads\/2018\/11\/biogasheader-768x243.png 768w, https:\/\/autoconsumo.minenergia.cl\/wp-content\/uploads\/2018\/11\/biogasheader-1024x325.png 1024w, https:\/\/autoconsumo.minenergia.cl\/wp-content\/uploads\/2018\/11\/biogasheader-660x209.png 660w\" sizes=\"auto, (max-width: 1789px) 100vw, 1789px\" \/><\/div>\n<div class=\"c-maintitle c-font-uppercase c-font-bold c-font-30 c-margin-b-0\"><\/div>\n<div class=\"c-maintitle c-font-uppercase c-font-bold c-font-30 c-margin-b-0\"><\/div>\n<p class=\"c-margin-t-10 c-margin-b-30\"><strong>CURSO BIOG\u00c1S 2018: CAPACITACI\u00d3N DE BIOG\u00c1S PARA TOMADORES DE DECISI\u00d3N<\/strong><br \/>\n<strong>VALDIVIA, PTO. MONTT &amp; SANTIAGO<\/strong><\/p>\n<p class=\"c-margin-t-10 c-margin-b-30\">En el marco del proyecto &#8220;Promoviendo el desarrollo de la energ\u00eda a biog\u00e1s en peque\u00f1as y medianas agroindustrias&#8221;, implementado por la Organizaci\u00f3n de las Naciones Unidas para el Desarrollo Industrial (ONUDI), financiado por el Global Environment Facility (GEF), y coordinado por el Ministerio de Energ\u00eda, se busca\u00a0<b>capacitar en materia de biog\u00e1s a tomadores de decisi\u00f3n<\/b>\u00a0como lo son los profesionales del sector p\u00fablico (Servicios regionales ministeriales, Agencias de fomento, Instituciones de desarrollo y producci\u00f3n, entre otros), y profesionales del sector financiero (Bancos, Agencias financieras) para, de esa forma,\u00a0<b>promover un mayor entendimiento de la tecnolog\u00eda de digesti\u00f3n anaer\u00f3bica<\/b>\u00a0en aspectos t\u00e9cnicos y econ\u00f3micos, que les permita evaluar con mayores antecedentes y conocimientos, proyectos de biog\u00e1s que se presenten en cada uno de los sectores involucrados.<\/p>\n<p class=\"c-margin-t-10 c-margin-b-30\">Por ello se invita a\u00a0<b>profesionales del sector p\u00fablico<\/b>\u00a0como Secretar\u00edas Regionales Ministeriales de Energ\u00eda, Agricultura y Medio Ambiente, as\u00ed como CORFO, INDAP, Gobiernos Regionales, entre otros, quienes cumplen un rol muy importante al apoyar, formular y\/o evaluar proyectos de digesti\u00f3n anaer\u00f3bica. Por otro lado, invitar las personas interesadas de la banca e instituciones financieras que ven en las energ\u00edas renovables un atractivo sector en crecimiento, pero quienes muchas veces carecen de los conocimientos y herramientas para evaluar proyectos de esta naturaleza.<\/p>\n<div class=\"c-title c-font-uppercase c-font-bold c-margin-t-20\">FECHAS<\/div>\n<div class=\"\">Valdivia: 3 y 4 de diciembre 2018<\/div>\n<div class=\"\">Puerto Montt: 5 y 6 de diciembre 2018<\/div>\n<div class=\"\">Santiago: 13 y 14 de diciembre 2018<\/div>\n<div class=\"\"><\/div>\n<div class=\"\">Mas informaci\u00f3n en:\u00a0<a href=\"http:\/\/cursobiogas.cl\/\">http:\/\/cursobiogas.cl\/<\/a><\/div>\n","protected":false},"excerpt":{"rendered":"<p>CURSO BIOG\u00c1S 2018: CAPACITACI\u00d3N DE BIOG\u00c1S PARA TOMADORES DE DECISI\u00d3N VALDIVIA, PTO. MONTT &amp; SANTIAGO En el marco del proyecto &#8220;Promoviendo el desarrollo de la energ\u00eda a biog\u00e1s en peque\u00f1as y medianas agroindustrias&#8221;, implementado por la Organizaci\u00f3n de las Naciones Unidas para el Desarrollo Industrial (ONUDI), financiado por el Global Environment Facility (GEF), y coordinado [&hellip;]<\/p>\n","protected":false},"author":3,"featured_media":2691,"comment_status":"open","ping_status":"open","sticky":false,"template":"","format":"standard","meta":{"footnotes":""},"categories":[3],"tags":[],"class_list":["post-2689","post","type-post","status-publish","format-standard","has-post-thumbnail","hentry","category-noticias"],"_links":{"self":[{"href":"https:\/\/autoconsumo.minenergia.cl\/index.php?rest_route=\/wp\/v2\/posts\/2689","targetHints":{"allow":["GET"]}}],"collection":[{"href":"https:\/\/autoconsumo.minenergia.cl\/index.php?rest_route=\/wp\/v2\/posts"}],"about":[{"href":"https:\/\/autoconsumo.minenergia.cl\/index.php?rest_route=\/wp\/v2\/types\/post"}],"author":[{"embeddable":true,"href":"https:\/\/autoconsumo.minenergia.cl\/index.php?rest_route=\/wp\/v2\/users\/3"}],"replies":[{"embeddable":true,"href":"https:\/\/autoconsumo.minenergia.cl\/index.php?rest_route=%2Fwp%2Fv2%2Fcomments&post=2689"}],"version-history":[{"count":4,"href":"https:\/\/autoconsumo.minenergia.cl\/index.php?rest_route=\/wp\/v2\/posts\/2689\/revisions"}],"predecessor-version":[{"id":2699,"href":"https:\/\/autoconsumo.minenergia.cl\/index.php?rest_route=\/wp\/v2\/posts\/2689\/revisions\/2699"}],"wp:featuredmedia":[{"embeddable":true,"href":"https:\/\/autoconsumo.minenergia.cl\/index.php?rest_route=\/wp\/v2\/media\/2691"}],"wp:attachment":[{"href":"https:\/\/autoconsumo.minenergia.cl\/index.php?rest_route=%2Fwp%2Fv2%2Fmedia&parent=2689"}],"wp:term":[{"taxonomy":"category","embeddable":true,"href":"https:\/\/autoconsumo.minenergia.cl\/index.php?rest_route=%2Fwp%2Fv2%2Fcategories&post=2689"},{"taxonomy":"post_tag","embeddable":true,"href":"https:\/\/autoconsumo.minenergia.cl\/index.php?rest_route=%2Fwp%2Fv2%2Ftags&post=2689"}],"curies":[{"name":"wp","href":"https:\/\/api.w.org\/{rel}","templated":true}]}}