{"id":2700,"date":"2018-11-19T12:10:00","date_gmt":"2018-11-19T12:10:00","guid":{"rendered":"http:\/\/www.minenergia.cl\/autoconsumo\/?p=2700"},"modified":"2018-11-19T12:10:00","modified_gmt":"2018-11-19T12:10:00","slug":"energia-solar-para-productores-de-berries-del-ranco","status":"publish","type":"post","link":"https:\/\/autoconsumo.minenergia.cl\/?p=2700","title":{"rendered":"Energ\u00eda solar para productores de berries del Ranco"},"content":{"rendered":"<p><img loading=\"lazy\" decoding=\"async\" class=\"alignnone size-full wp-image-2701\" src=\"https:\/\/autoconsumo.minenergia.cl\/wp-content\/uploads\/2018\/11\/Inauguraci\u00f3n-proyecto-fotovoltaico-3-compressor.jpg\" alt=\"\" width=\"540\" height=\"360\" srcset=\"https:\/\/autoconsumo.minenergia.cl\/wp-content\/uploads\/2018\/11\/Inauguraci\u00f3n-proyecto-fotovoltaico-3-compressor.jpg 540w, https:\/\/autoconsumo.minenergia.cl\/wp-content\/uploads\/2018\/11\/Inauguraci\u00f3n-proyecto-fotovoltaico-3-compressor-300x200.jpg 300w\" sizes=\"auto, (max-width: 540px) 100vw, 540px\" \/><\/p>\n<p>Energ\u00eda limpia y m\u00e1s barata todo el a\u00f1o ya es una realidad para los agricultores adheridos al Acuerdo de Producci\u00f3n Limpia para la exportaci\u00f3n de berries de la Provincia del Ranco.<\/p>\n<p>La Agencia de Sustentabilidad y Cambio Clim\u00e1tico e INDAP Los R\u00edos inauguraron el primer proyecto fotovoltaico inyectado a la red que se puso en marcha en el marco del Acuerdo de Producci\u00f3n Limpia que beneficia a 26 productores de berries de la Provincia del Ranco.<\/p>\n<p>En una ceremonia encabezada por los seremis de Agricultura, Moira Henzi, y de Energ\u00eda, Felipe Porflit, el director de la Agencia de Sustentabilidad y Cambio Clim\u00e1tico, Giovanni Calder\u00f3n, el director de INDAP Los R\u00edos, Juan Ram\u00edrez, y el coordinador del Programa Zonas Rezagadas, Roberto Hacin, se hizo entrega oficial de 12 paneles fotovoltaicos en el predio de M\u00f3nica Soto, productora de ar\u00e1ndanos, grosellas y frambuesas, en el\u00a0sector Choroico de La Uni\u00f3n.<\/p>\n<p>El sistema de m\u00f3dulos solares de 3,2\u00a0Kw de potencia instalada para la generaci\u00f3n diaria de 10,26 kw\/hora, signific\u00f3 una inversi\u00f3n de $7.290.000, financiado por INDAP y el programa Zonas Rezagadas m\u00e1s un aporte de la agricultora. La instalaci\u00f3n permite ser aprovechada tanto para alimentar las bombas hidr\u00e1ulicas que controlan los sistemas de riego, como ahorrar en la cuenta de electricidad todo el a\u00f1o. De paso, contribuye a reducir tres toneladas de CO2 equivalente.<\/p>\n<p><strong>Giovanni Calder\u00f3n, director ejecutivo de la Agencia de Sustentabilidad y Cambio Clim\u00e1tico,<\/strong>\u00a0valor\u00f3 esta iniciativa como\u00a0\u201cun paso adelante, no s\u00f3lo en mitigaci\u00f3n por la menor emisi\u00f3n de Gases de Efecto Invernadero al incorporar energ\u00edas no contaminantes, sino tambi\u00e9n un gran paso en materia de adaptaci\u00f3n, entreg\u00e1ndoles autonom\u00eda energ\u00e9tica que en definitiva redunda en mayores ingresos para su empresa\u201d.<\/p>\n<p>El\u00a0<strong>director (s) de Indap Los R\u00edos, Marcelo Ram\u00edrez<\/strong>, dijo que para el gobierno del presidente Sebasti\u00e1n Pi\u00f1era es fundamental fortalecer la peque\u00f1a agricultura, para mejorar la calidad de vida de los habitantes de los sectores rurales. \u201cNuestro esfuerzo como gobierno y Ministerio apunta a dinamizar el sector agr\u00edcola, esto por medio de 140 millones que este APL ha podido apalancar en proyectos de riego y energ\u00edas renovables v\u00eda INDAP y el Programa de Zonas Rezagadas\u201d, explic\u00f3.<\/p>\n<p>El APL para la exportaci\u00f3n de Berries de la Provincia del Ranco es una iniciativa piloto a nivel nacional, suscrito en 2016 con la Cooperativa Campesina Berries del Ranco, que incorpora el protocolo de Agricultura Sustentable del Ministerio de Agricultura.<\/p>\n<p>Sobre el proyecto solar, R<strong>udy Quezada, presidente de la Cooperativa Campesina Berries del Ranco<\/strong>, indic\u00f3 que \u201cinsistimos mucho que el sistema fotovoltaico fuera inyectado a la red y no de inyecci\u00f3n directa para energizar una bomba para riego, porque as\u00ed se puede usar todo el a\u00f1o y no s\u00f3lo tres o cuatro meses.\u00a0 Durante el invierno, cuando no se riega, los paneles van a estar en uso y los agricultores van a poder contar con una energ\u00eda m\u00e1s barata\u201d.<\/p>\n<p>Por su parte, el\u00a0<strong>seremi Felipe Porflit,<\/strong>\u00a0se\u00f1al\u00f3 que \u201cestamos muy contentos de estar en esta actividad que constituye un hito dentro del APL berries del Ranco, y de esta manera estar cumpliendo el mandato del presidente Pi\u00f1era, de estar en terreno con las comunidades con los agricultores, y en este sentido nos hemos comprometido junto a la seremi de Agricultura a regresar a esta comunidad para poder seguir capacit\u00e1ndolos, especialmente sobre las caracter\u00edsticas de la nueva y actualizada Ley de Net Billing, para que ellos puedan rentabilizar a\u00fan m\u00e1s su negocio a trav\u00e9s de energ\u00edas renovables no convencionales\u201d.<\/p>\n<p>En tanto, la\u00a0<strong>seremi Moira Henzi<\/strong>, recalc\u00f3 que \u201cpara el presidente Sebasti\u00e1n Pi\u00f1era y para el intendente es fundamental la tarea de fortalecer la agricultura y mejorar la calidad de vida de los habitantes de sectores rurales, de manera que as\u00ed se logre igualar las oportunidades del mundo rural con el urbano. Esto se puede lograr si potenciamos el emprendimiento y la asociatividad de nuestros productores, velando siempre por un desarrollo sustentable, como lo hace este Acuerdo de Producci\u00f3n Limpia y los proyectos que encadena, en este caso la utilizaci\u00f3n de energ\u00edas renovables no convencionales\u201d.<\/p>\n<p><strong>Alcances del APL Berries del Ranco<\/strong><\/p>\n<p>Es el segundo APL gestionado en la regi\u00f3n en los \u00faltimos ocho a\u00f1os, despu\u00e9s del APL Lechero, como resultado de un intenso trabajo de los actores locales, que ha permitido concretar alianzas estrat\u00e9gicas con INDAP, ODEPA, Seremis de Energ\u00eda y Salud, Comit\u00e9 de Desarrollo Productivo de Los R\u00edos, Prochile, SAG, CONAF, INIA Remehue y el Programa de Zonas Rezagadas, con la asesor\u00eda t\u00e9cnica de Consorcio Ap\u00edcola.<\/p>\n<p>Entre los resultados del APL a la fecha, destaca adem\u00e1s la participaci\u00f3n de tres socios de la Cooperativa en una misi\u00f3n de prospecci\u00f3n comercial en la feria ANUGA en Alemania,\u00a0 la m\u00e1s importante del mundo en alimentos y bebidas.<\/p>\n<p>La iniciativa impulsada por la Agencia de Sustentabilidad y Cambio Clim\u00e1tico busca mejorar los est\u00e1ndares productivos y ambientales del sector mediante el uso eficiente del agua y la energ\u00eda, la incorporaci\u00f3n de energ\u00edas renovables no convencionales, conservaci\u00f3n de la biodiversidad, medici\u00f3n de huella de carbono, relaciones con la comunidad y buenas pr\u00e1cticas agr\u00edcolas para producir fruta de calidad para los m\u00e1s exigentes mercados internacionales.<\/p>\n<p>Fuente:\u00a0<a href=\"http:\/\/codexverde.cl\/energia-solar-para-productores-de-berries-del-ranco\/\">http:\/\/codexverde.cl<\/a><\/p>\n<p>&nbsp;<\/p>\n","protected":false},"excerpt":{"rendered":"<p>Energ\u00eda limpia y m\u00e1s barata todo el a\u00f1o ya es una realidad para los agricultores adheridos al Acuerdo de Producci\u00f3n Limpia para la exportaci\u00f3n de berries de la Provincia del Ranco. La Agencia de Sustentabilidad y Cambio Clim\u00e1tico e INDAP Los R\u00edos inauguraron el primer proyecto fotovoltaico inyectado a la red que se puso en [&hellip;]<\/p>\n","protected":false},"author":3,"featured_media":2701,"comment_status":"open","ping_status":"open","sticky":false,"template":"","format":"standard","meta":{"footnotes":""},"categories":[3],"tags":[],"class_list":["post-2700","post","type-post","status-publish","format-standard","has-post-thumbnail","hentry","category-noticias"],"_links":{"self":[{"href":"https:\/\/autoconsumo.minenergia.cl\/index.php?rest_route=\/wp\/v2\/posts\/2700","targetHints":{"allow":["GET"]}}],"collection":[{"href":"https:\/\/autoconsumo.minenergia.cl\/index.php?rest_route=\/wp\/v2\/posts"}],"about":[{"href":"https:\/\/autoconsumo.minenergia.cl\/index.php?rest_route=\/wp\/v2\/types\/post"}],"author":[{"embeddable":true,"href":"https:\/\/autoconsumo.minenergia.cl\/index.php?rest_route=\/wp\/v2\/users\/3"}],"replies":[{"embeddable":true,"href":"https:\/\/autoconsumo.minenergia.cl\/index.php?rest_route=%2Fwp%2Fv2%2Fcomments&post=2700"}],"version-history":[{"count":1,"href":"https:\/\/autoconsumo.minenergia.cl\/index.php?rest_route=\/wp\/v2\/posts\/2700\/revisions"}],"predecessor-version":[{"id":2702,"href":"https:\/\/autoconsumo.minenergia.cl\/index.php?rest_route=\/wp\/v2\/posts\/2700\/revisions\/2702"}],"wp:featuredmedia":[{"embeddable":true,"href":"https:\/\/autoconsumo.minenergia.cl\/index.php?rest_route=\/wp\/v2\/media\/2701"}],"wp:attachment":[{"href":"https:\/\/autoconsumo.minenergia.cl\/index.php?rest_route=%2Fwp%2Fv2%2Fmedia&parent=2700"}],"wp:term":[{"taxonomy":"category","embeddable":true,"href":"https:\/\/autoconsumo.minenergia.cl\/index.php?rest_route=%2Fwp%2Fv2%2Fcategories&post=2700"},{"taxonomy":"post_tag","embeddable":true,"href":"https:\/\/autoconsumo.minenergia.cl\/index.php?rest_route=%2Fwp%2Fv2%2Ftags&post=2700"}],"curies":[{"name":"wp","href":"https:\/\/api.w.org\/{rel}","templated":true}]}}