{"id":2704,"date":"2018-11-20T18:03:12","date_gmt":"2018-11-20T18:03:12","guid":{"rendered":"http:\/\/www.minenergia.cl\/autoconsumo\/?p=2704"},"modified":"2018-11-20T18:03:12","modified_gmt":"2018-11-20T18:03:12","slug":"seremi-de-energia-destaca-proyecto-fotovoltaico-de-colegio-coya-de-machali","status":"publish","type":"post","link":"https:\/\/autoconsumo.minenergia.cl\/?p=2704","title":{"rendered":"Seremi de energ\u00eda destaca proyecto fotovoltaico de colegio Coya de Machal\u00ed"},"content":{"rendered":"<p><img loading=\"lazy\" decoding=\"async\" class=\"alignnone size-full wp-image-2705\" src=\"https:\/\/autoconsumo.minenergia.cl\/wp-content\/uploads\/2018\/11\/colegio-coya-de-machali.jpg\" alt=\"\" width=\"700\" height=\"350\" srcset=\"https:\/\/autoconsumo.minenergia.cl\/wp-content\/uploads\/2018\/11\/colegio-coya-de-machali.jpg 700w, https:\/\/autoconsumo.minenergia.cl\/wp-content\/uploads\/2018\/11\/colegio-coya-de-machali-300x150.jpg 300w, https:\/\/autoconsumo.minenergia.cl\/wp-content\/uploads\/2018\/11\/colegio-coya-de-machali-660x330.jpg 660w\" sizes=\"auto, (max-width: 700px) 100vw, 700px\" \/><\/p>\n<p>Con una visita a las dependencias del Colegio Coya, ubicado en la comuna de Machal\u00ed, realiz\u00f3 este lunes 19 de noviembre el seremi de Energ\u00eda, Pedro Ogaz, con el fin de conocer el proyecto fotovoltaico que entrar\u00e1 en operaciones esta semana.<\/p>\n<p>Es importante destacar, que este proyecto se enmarca en la <strong>modalidad ESCO<\/strong>, con un Leasing a 12 a\u00f1os en donde el ahorro energ\u00e9tico es mayor al costo del leasing, provocando que el proyecto se vaya pagando sin un desembolso por parte del colegio.<\/p>\n<p>Este proyecto fotovoltaico consisti\u00f3 en la instalaci\u00f3n de 327 paneles solares, con una potencia instalada de generaci\u00f3n de 104.6 kWp. En la ocasi\u00f3n, el seremi de Energ\u00eda se\u00f1al\u00f3 que, \u201cDentro de nuestra gesti\u00f3n institucional tenemos considerado acercar los diferentes tipos de energ\u00eda hacia las industrias y el sector privado que se encuentran en la Regi\u00f3n de O\u2019Higgins, donde adem\u00e1s, queremos conocer las diversas experiencias que el sector privado est\u00e1 incorporando en eficiencia energ\u00e9tica y energ\u00edas renovables. Es por esto, que hoy hemos visitado el Colegio Coya de Machal\u00ed, con el fin de conocer la puesta en marcha del proyecto fotovoltaico donde se instalaron m\u00e1s de 300 paneles solares, y que entrar\u00e1 en operaci\u00f3n esta semana, lo que permitir\u00e1 a este establecimiento educacional, optimizar el uso eficiente del recurso energ\u00e9tico, generando un ahorro en costos, mejorando el uso de la energ\u00eda y contribuyendo al cuidado del medio ambiente\u201d.<\/p>\n<p>Por su parte, el rector del Colegio Coya de Machal\u00ed, Jorge Burgos, manifest\u00f3 que \u201cQueremos destacar la visita del Seremi de Energ\u00eda, a nuestra comunidad escolar, la que es muy importante para nosotros porque queremos que las autoridades de Gobierno promuevan en todo Chile este tipo de iniciativas como las que estamos impulsando en nuestro colegio. Desde el a\u00f1o 2004 que estamos trabajando fuertemente con nuestros alumnos comprometidos con el cuidado del medio ambiente. Desde ese a\u00f1o que contamos con una certificaci\u00f3n como Eco Escuela, donde el Colegio Coya fue uno de los primeros en Chile con esta certificaci\u00f3n. Es por esto, que contamos con una cultura ecol\u00f3gica que est\u00e1 muy presente y es parte de nuestro proyecto educativo\u201d.<\/p>\n<p>Asimismo, el rector recalc\u00f3 que \u201cEste a\u00f1o cumplimos 60 a\u00f1os, y vamos a destacar y relevar como proyecto s\u00edmbolo el proyecto de los paneles fotovoltaicos, donde apuntamos a dejar un legado a todos nuestros alumnos a trav\u00e9s de nuestro colegio, y tambi\u00e9n a la sociedad, donde creemos que es importante que los ni\u00f1os convivan en un espacio que protege el medio ambiente lo que se complementa con la l\u00ednea pedag\u00f3gica del colegio\u201d.<\/p>\n<p>Finalmente, destacar que este proyecto fue ejecutado por la empresa Rising Sun Chile, que desarrolla proyectos de energ\u00eda solar, cuyo principal foco est\u00e1 en lograr mejorar la educaci\u00f3n y cultura medioambiental del pa\u00eds a trav\u00e9s de la implementaci\u00f3n de proyectos educativos integrales para los colegios que integren tanto material te\u00f3rico como herramientas tangibles para potenciar el aprendizaje de los j\u00f3venes y as\u00ed prepararlos de mejor manera para los desaf\u00edos de Cambio Clim\u00e1tico del siglo XXI<\/p>\n<p>Fuente:\u00a0<a href=\"http:\/\/lanoticiaonline.cl\/2018\/11\/20\/seremi-de-energia-destaca-proyecto-fotovoltaico-de-colegio-coya-de-machali\/\">http:\/\/lanoticiaonline.cl<\/a><\/p>\n<p>&nbsp;<\/p>\n","protected":false},"excerpt":{"rendered":"<p>Con una visita a las dependencias del Colegio Coya, ubicado en la comuna de Machal\u00ed, realiz\u00f3 este lunes 19 de noviembre el seremi de Energ\u00eda, Pedro Ogaz, con el fin de conocer el proyecto fotovoltaico que entrar\u00e1 en operaciones esta semana. Es importante destacar, que este proyecto se enmarca en la modalidad ESCO, con un [&hellip;]<\/p>\n","protected":false},"author":3,"featured_media":2705,"comment_status":"open","ping_status":"open","sticky":false,"template":"","format":"standard","meta":{"footnotes":""},"categories":[3],"tags":[],"class_list":["post-2704","post","type-post","status-publish","format-standard","has-post-thumbnail","hentry","category-noticias"],"_links":{"self":[{"href":"https:\/\/autoconsumo.minenergia.cl\/index.php?rest_route=\/wp\/v2\/posts\/2704","targetHints":{"allow":["GET"]}}],"collection":[{"href":"https:\/\/autoconsumo.minenergia.cl\/index.php?rest_route=\/wp\/v2\/posts"}],"about":[{"href":"https:\/\/autoconsumo.minenergia.cl\/index.php?rest_route=\/wp\/v2\/types\/post"}],"author":[{"embeddable":true,"href":"https:\/\/autoconsumo.minenergia.cl\/index.php?rest_route=\/wp\/v2\/users\/3"}],"replies":[{"embeddable":true,"href":"https:\/\/autoconsumo.minenergia.cl\/index.php?rest_route=%2Fwp%2Fv2%2Fcomments&post=2704"}],"version-history":[{"count":1,"href":"https:\/\/autoconsumo.minenergia.cl\/index.php?rest_route=\/wp\/v2\/posts\/2704\/revisions"}],"predecessor-version":[{"id":2706,"href":"https:\/\/autoconsumo.minenergia.cl\/index.php?rest_route=\/wp\/v2\/posts\/2704\/revisions\/2706"}],"wp:featuredmedia":[{"embeddable":true,"href":"https:\/\/autoconsumo.minenergia.cl\/index.php?rest_route=\/wp\/v2\/media\/2705"}],"wp:attachment":[{"href":"https:\/\/autoconsumo.minenergia.cl\/index.php?rest_route=%2Fwp%2Fv2%2Fmedia&parent=2704"}],"wp:term":[{"taxonomy":"category","embeddable":true,"href":"https:\/\/autoconsumo.minenergia.cl\/index.php?rest_route=%2Fwp%2Fv2%2Fcategories&post=2704"},{"taxonomy":"post_tag","embeddable":true,"href":"https:\/\/autoconsumo.minenergia.cl\/index.php?rest_route=%2Fwp%2Fv2%2Ftags&post=2704"}],"curies":[{"name":"wp","href":"https:\/\/api.w.org\/{rel}","templated":true}]}}