{"id":2707,"date":"2018-11-21T11:52:11","date_gmt":"2018-11-21T11:52:11","guid":{"rendered":"http:\/\/www.minenergia.cl\/autoconsumo\/?p=2707"},"modified":"2018-11-21T11:54:16","modified_gmt":"2018-11-21T11:54:16","slug":"paneles-solares-en-el-liceo-de-monte-aguila","status":"publish","type":"post","link":"https:\/\/autoconsumo.minenergia.cl\/?p=2707","title":{"rendered":"Paneles solares en el Liceo de Monte \u00c1guila"},"content":{"rendered":"<p><img loading=\"lazy\" decoding=\"async\" class=\"alignnone size-full wp-image-2711\" src=\"https:\/\/autoconsumo.minenergia.cl\/wp-content\/uploads\/2018\/11\/1893_0b3de3648c_Cabrero-1.jpg\" alt=\"\" width=\"800\" height=\"470\" srcset=\"https:\/\/autoconsumo.minenergia.cl\/wp-content\/uploads\/2018\/11\/1893_0b3de3648c_Cabrero-1.jpg 800w, https:\/\/autoconsumo.minenergia.cl\/wp-content\/uploads\/2018\/11\/1893_0b3de3648c_Cabrero-1-300x176.jpg 300w, https:\/\/autoconsumo.minenergia.cl\/wp-content\/uploads\/2018\/11\/1893_0b3de3648c_Cabrero-1-768x451.jpg 768w, https:\/\/autoconsumo.minenergia.cl\/wp-content\/uploads\/2018\/11\/1893_0b3de3648c_Cabrero-1-660x388.jpg 660w\" sizes=\"auto, (max-width: 800px) 100vw, 800px\" \/><\/p>\n<p>Un triple beneficio para la educaci\u00f3n, la econom\u00eda y la protecci\u00f3n ambiental significa la instalaci\u00f3n de 22 paneles solares en el liceo Polit\u00e9cnico Oscar Bonilla de Monte \u00c1guila, el \u00fanico de este programa en la provincia de B\u00edo B\u00edo. Nuestro alcalde Mario Gierke y el seremi (s) de Energ\u00eda, Oscar Mu\u00f1oz, fue puesto en servicio este proyecto, que es uno de los 22 que se impulsan en la Regi\u00f3n. Es el programa piloto &#8220;Techos solares p\u00fablicos&#8221; del Ministerio de Energ\u00eda y este a\u00f1o solo cuatro instituciones p\u00fablicas lo tendr\u00e1n funcionando. Este proyecto gestionado por la Municipalidad es una inversi\u00f3n de 20 millones de pesos, con 20 kilowatts, que equivalen al consumo promedio de 15 hogares.<\/p>\n<div>\n<div>El acto se efectu\u00f3 junto al gimnasio, en cuya techumbre fueron instalados estos equipos, que est\u00e1n dotando de electricidad al establecimiento educacional, adem\u00e1s de permitir a los alumnos de esta especialidad que puedan aprender sobre esta tecnolog\u00eda moderna.<\/div>\n<\/div>\n<div>\n<div><\/div>\n<\/div>\n<div>\n<div>El alcalde Gierke expres\u00f3 su alegr\u00eda, porque adem\u00e1s de facilitar el conocimiento de los alumnos de esta modalidad de generaci\u00f3n, se podr\u00e1 ahorrar en el consumo y tambi\u00e9n aportar decididamente al cuidado del medio ambiente, con una energ\u00eda renovable. El seremi, por su parte, destac\u00f3 que el Liceo ahorrar\u00e1 unos tres millones de pesos al a\u00f1o en consumo el\u00e9ctrico y que, adem\u00e1s, se acerca la tecnolog\u00eda a los j\u00f3venes, porque se est\u00e1 dejando de lado el carb\u00f3n y el petr\u00f3leo, por esta tecnolog\u00eda amigable con el ambiente, en una comuna muy soleada, en la cual incluso se est\u00e1n instalando megaproyectos fotovoltaicos, los m\u00e1s australes del mundo.<\/div>\n<\/div>\n<div><\/div>\n<div>\n<div>\u00a1Protegiendo nuestro ambiente con energ\u00eda limpia, Juntos crecemos!<\/div>\n<div><\/div>\n<div>Fuente:\u00a0<a href=\"http:\/\/www.cabrero.cl\/noticias\/articulo\/id\/1893\">http:\/\/www.cabrero.cl<\/a><\/div>\n<\/div>\n","protected":false},"excerpt":{"rendered":"<p>Un triple beneficio para la educaci\u00f3n, la econom\u00eda y la protecci\u00f3n ambiental significa la instalaci\u00f3n de 22 paneles solares en el liceo Polit\u00e9cnico Oscar Bonilla de Monte \u00c1guila, el \u00fanico de este programa en la provincia de B\u00edo B\u00edo. Nuestro alcalde Mario Gierke y el seremi (s) de Energ\u00eda, Oscar Mu\u00f1oz, fue puesto en servicio [&hellip;]<\/p>\n","protected":false},"author":3,"featured_media":2711,"comment_status":"open","ping_status":"open","sticky":false,"template":"","format":"standard","meta":{"footnotes":""},"categories":[3],"tags":[],"class_list":["post-2707","post","type-post","status-publish","format-standard","has-post-thumbnail","hentry","category-noticias"],"_links":{"self":[{"href":"https:\/\/autoconsumo.minenergia.cl\/index.php?rest_route=\/wp\/v2\/posts\/2707","targetHints":{"allow":["GET"]}}],"collection":[{"href":"https:\/\/autoconsumo.minenergia.cl\/index.php?rest_route=\/wp\/v2\/posts"}],"about":[{"href":"https:\/\/autoconsumo.minenergia.cl\/index.php?rest_route=\/wp\/v2\/types\/post"}],"author":[{"embeddable":true,"href":"https:\/\/autoconsumo.minenergia.cl\/index.php?rest_route=\/wp\/v2\/users\/3"}],"replies":[{"embeddable":true,"href":"https:\/\/autoconsumo.minenergia.cl\/index.php?rest_route=%2Fwp%2Fv2%2Fcomments&post=2707"}],"version-history":[{"count":3,"href":"https:\/\/autoconsumo.minenergia.cl\/index.php?rest_route=\/wp\/v2\/posts\/2707\/revisions"}],"predecessor-version":[{"id":2712,"href":"https:\/\/autoconsumo.minenergia.cl\/index.php?rest_route=\/wp\/v2\/posts\/2707\/revisions\/2712"}],"wp:featuredmedia":[{"embeddable":true,"href":"https:\/\/autoconsumo.minenergia.cl\/index.php?rest_route=\/wp\/v2\/media\/2711"}],"wp:attachment":[{"href":"https:\/\/autoconsumo.minenergia.cl\/index.php?rest_route=%2Fwp%2Fv2%2Fmedia&parent=2707"}],"wp:term":[{"taxonomy":"category","embeddable":true,"href":"https:\/\/autoconsumo.minenergia.cl\/index.php?rest_route=%2Fwp%2Fv2%2Fcategories&post=2707"},{"taxonomy":"post_tag","embeddable":true,"href":"https:\/\/autoconsumo.minenergia.cl\/index.php?rest_route=%2Fwp%2Fv2%2Ftags&post=2707"}],"curies":[{"name":"wp","href":"https:\/\/api.w.org\/{rel}","templated":true}]}}