{"id":2713,"date":"2018-11-17T12:02:55","date_gmt":"2018-11-17T12:02:55","guid":{"rendered":"http:\/\/www.minenergia.cl\/autoconsumo\/?p=2713"},"modified":"2018-11-21T12:04:09","modified_gmt":"2018-11-21T12:04:09","slug":"17-de-noviembre-de-2018-publicado-en-el-diario-oficial-ley-que-amplia-posibilidades-de-generacion-residencial-para-autoconsumo","status":"publish","type":"post","link":"https:\/\/autoconsumo.minenergia.cl\/?p=2713","title":{"rendered":"Publicada en el Diario Oficial Ley que ampl\u00eda posibilidades de generaci\u00f3n residencial para autoconsumo"},"content":{"rendered":"<p><img loading=\"lazy\" decoding=\"async\" class=\"alignnone size-full wp-image-2715\" src=\"https:\/\/autoconsumo.minenergia.cl\/wp-content\/uploads\/2018\/11\/diario-oficial.jpg\" alt=\"\" width=\"441\" height=\"519\" srcset=\"https:\/\/autoconsumo.minenergia.cl\/wp-content\/uploads\/2018\/11\/diario-oficial.jpg 441w, https:\/\/autoconsumo.minenergia.cl\/wp-content\/uploads\/2018\/11\/diario-oficial-255x300.jpg 255w\" sizes=\"auto, (max-width: 441px) 100vw, 441px\" \/><\/p>\n<p>Publicada\u00a0el 17\/11\/2018\u00a0en el Diario Oficial ley que ampl\u00eda posibilidades de generaci\u00f3n residencial para autoconsumo. Con ello se da cumplimiento a uno de nuestros compromisos de la Ruta Energ\u00e9tica 2018-2022!<\/p>\n<p>&nbsp;<\/p>\n","protected":false},"excerpt":{"rendered":"<p>Publicada\u00a0el 17\/11\/2018\u00a0en el Diario Oficial ley que ampl\u00eda posibilidades de generaci\u00f3n residencial para autoconsumo. Con ello se da cumplimiento a uno de nuestros compromisos de la Ruta Energ\u00e9tica 2018-2022! &nbsp;<\/p>\n","protected":false},"author":3,"featured_media":2715,"comment_status":"open","ping_status":"open","sticky":false,"template":"","format":"standard","meta":{"footnotes":""},"categories":[3,1],"tags":[],"class_list":["post-2713","post","type-post","status-publish","format-standard","has-post-thumbnail","hentry","category-noticias","category-sin-categoria"],"_links":{"self":[{"href":"https:\/\/autoconsumo.minenergia.cl\/index.php?rest_route=\/wp\/v2\/posts\/2713","targetHints":{"allow":["GET"]}}],"collection":[{"href":"https:\/\/autoconsumo.minenergia.cl\/index.php?rest_route=\/wp\/v2\/posts"}],"about":[{"href":"https:\/\/autoconsumo.minenergia.cl\/index.php?rest_route=\/wp\/v2\/types\/post"}],"author":[{"embeddable":true,"href":"https:\/\/autoconsumo.minenergia.cl\/index.php?rest_route=\/wp\/v2\/users\/3"}],"replies":[{"embeddable":true,"href":"https:\/\/autoconsumo.minenergia.cl\/index.php?rest_route=%2Fwp%2Fv2%2Fcomments&post=2713"}],"version-history":[{"count":3,"href":"https:\/\/autoconsumo.minenergia.cl\/index.php?rest_route=\/wp\/v2\/posts\/2713\/revisions"}],"predecessor-version":[{"id":2717,"href":"https:\/\/autoconsumo.minenergia.cl\/index.php?rest_route=\/wp\/v2\/posts\/2713\/revisions\/2717"}],"wp:featuredmedia":[{"embeddable":true,"href":"https:\/\/autoconsumo.minenergia.cl\/index.php?rest_route=\/wp\/v2\/media\/2715"}],"wp:attachment":[{"href":"https:\/\/autoconsumo.minenergia.cl\/index.php?rest_route=%2Fwp%2Fv2%2Fmedia&parent=2713"}],"wp:term":[{"taxonomy":"category","embeddable":true,"href":"https:\/\/autoconsumo.minenergia.cl\/index.php?rest_route=%2Fwp%2Fv2%2Fcategories&post=2713"},{"taxonomy":"post_tag","embeddable":true,"href":"https:\/\/autoconsumo.minenergia.cl\/index.php?rest_route=%2Fwp%2Fv2%2Ftags&post=2713"}],"curies":[{"name":"wp","href":"https:\/\/api.w.org\/{rel}","templated":true}]}}