{"id":2734,"date":"2018-12-17T13:12:15","date_gmt":"2018-12-17T13:12:15","guid":{"rendered":"http:\/\/www.minenergia.cl\/autoconsumo\/?p=2734"},"modified":"2018-12-17T13:12:15","modified_gmt":"2018-12-17T13:12:15","slug":"viviendas-sociales-de-alto-hospicio-incorporan-energia-solar","status":"publish","type":"post","link":"https:\/\/autoconsumo.minenergia.cl\/?p=2734","title":{"rendered":"Viviendas sociales de Alto Hospicio incorporan energ\u00eda solar"},"content":{"rendered":"<p><img loading=\"lazy\" decoding=\"async\" class=\"alignnone size-full wp-image-2735\" src=\"https:\/\/autoconsumo.minenergia.cl\/wp-content\/uploads\/2018\/12\/foto_0000001120181216105729.jpg\" alt=\"\" width=\"1130\" height=\"636\" srcset=\"https:\/\/autoconsumo.minenergia.cl\/wp-content\/uploads\/2018\/12\/foto_0000001120181216105729.jpg 1130w, https:\/\/autoconsumo.minenergia.cl\/wp-content\/uploads\/2018\/12\/foto_0000001120181216105729-300x169.jpg 300w, https:\/\/autoconsumo.minenergia.cl\/wp-content\/uploads\/2018\/12\/foto_0000001120181216105729-768x432.jpg 768w, https:\/\/autoconsumo.minenergia.cl\/wp-content\/uploads\/2018\/12\/foto_0000001120181216105729-1024x576.jpg 1024w, https:\/\/autoconsumo.minenergia.cl\/wp-content\/uploads\/2018\/12\/foto_0000001120181216105729-660x371.jpg 660w\" sizes=\"auto, (max-width: 1130px) 100vw, 1130px\" \/><\/p>\n<p>Las edificaciones son parte del programa de reconstrucci\u00f3n del terremoto de abril del a\u00f1o 2014<\/p>\n<p>Las\u00a0<strong>90 viviendas sociales<\/strong>\u00a0que se entregar\u00e1n en estas pr\u00f3ximas semanas en el\u00a0<strong>Cerro Tarapac\u00e1, en Alto Hospicio, en la Regi\u00f3n de Tarapac\u00e1<\/strong>, como parte del programa de reconstrucci\u00f3n, del terremoto de abril del 2014, acaban de ingresar a\u00a0<strong>Sistemas Solares T\u00e9rmicos, Ss<\/strong>t y con ello, podr\u00e1n contar con paneles de energ\u00eda solar, que les permita calentar agua,\u00a0<strong>sin gastar energ\u00eda convencional.<\/strong><\/p>\n<p>&#8220;Estamos trabajando en conjunto con Minvu, para llevar energ\u00eda limpia a viviendas sociales, en este caso, para personas que lo perdieron todo y que pronto recibir\u00e1n sus viviendas por el Programa de Reconstrucci\u00f3n&#8221;, afirm\u00f3 la\u00a0<strong>ministra de Energ\u00eda, Susana Jim\u00e9nez.<\/strong>Las\u00a0<strong>90 viviendas sociales<\/strong>\u00a0que se entregar\u00e1n en estas pr\u00f3ximas semanas en el\u00a0<strong>Cerro Tarapac\u00e1, en Alto Hospicio, en la Regi\u00f3n de Tarapac\u00e1<\/strong>, como parte del programa de reconstrucci\u00f3n, del terremoto de abril del 2014, acaban de ingresar a\u00a0<strong>Sistemas Solares T\u00e9rmicos, Ss<\/strong>t y con ello, podr\u00e1n contar con paneles de energ\u00eda solar, que les permita calentar agua,\u00a0<strong>sin gastar energ\u00eda convencional.<\/strong><\/p>\n<section class=\"contenedor columna-full\">\n<section class=\"columna columna-izquierda\">\n<div class=\"contenedor-cuerpo\">\n<div class=\"texto-bajada\">\n<div class=\"cuerpo-articulo contenedor-leermas\">\n<div class=\"cuerpo-ad\">\n<p>&#8220;Estamos trabajando en conjunto con Minvu, para llevar energ\u00eda limpia a viviendas sociales, en este caso, para personas que lo perdieron todo y que pronto recibir\u00e1n sus viviendas por el Programa de Reconstrucci\u00f3n&#8221;, afirm\u00f3 la\u00a0<strong>ministra de Energ\u00eda, Susana Jim\u00e9nez.<\/strong><\/p>\n<div class=\"teads-inread\"><\/div>\n<p>En Tarapac\u00e1, se contempla la instalaci\u00f3n de<strong>\u00a01.744 de estos sistemas,<\/strong>\u00a0en las comunas de\u00a0<strong>Iquique, Alto Hospicio, Huara y Pozo Almonte.<\/strong><\/p>\n<p>El\u00a0<strong>ahorro<\/strong>\u00a0de energ\u00eda que logran estos sistemas, depende de la ubicaci\u00f3n y puede variar entre un<strong>\u00a030% a un 75% o m\u00e1s.<\/strong><\/p>\n<p>Fuente:<a href=\"https:\/\/www.cooperativa.cl\/noticias\/pais\/region-de-tarapaca\/viviendas-sociales-de-alto-hospicio-incorporan-energia-solar\/2018-12-16\/105729.html\">\u00a0https:\/\/www.cooperativa.cl\/<\/a><\/p>\n<\/div>\n<\/div>\n<\/div>\n<\/div>\n<\/section>\n<\/section>\n","protected":false},"excerpt":{"rendered":"<p>Las edificaciones son parte del programa de reconstrucci\u00f3n del terremoto de abril del a\u00f1o 2014 Las\u00a090 viviendas sociales\u00a0que se entregar\u00e1n en estas pr\u00f3ximas semanas en el\u00a0Cerro Tarapac\u00e1, en Alto Hospicio, en la Regi\u00f3n de Tarapac\u00e1, como parte del programa de reconstrucci\u00f3n, del terremoto de abril del 2014, acaban de ingresar a\u00a0Sistemas Solares T\u00e9rmicos, Sst y [&hellip;]<\/p>\n","protected":false},"author":3,"featured_media":2735,"comment_status":"open","ping_status":"open","sticky":false,"template":"","format":"standard","meta":{"footnotes":""},"categories":[3],"tags":[],"class_list":["post-2734","post","type-post","status-publish","format-standard","has-post-thumbnail","hentry","category-noticias"],"_links":{"self":[{"href":"https:\/\/autoconsumo.minenergia.cl\/index.php?rest_route=\/wp\/v2\/posts\/2734","targetHints":{"allow":["GET"]}}],"collection":[{"href":"https:\/\/autoconsumo.minenergia.cl\/index.php?rest_route=\/wp\/v2\/posts"}],"about":[{"href":"https:\/\/autoconsumo.minenergia.cl\/index.php?rest_route=\/wp\/v2\/types\/post"}],"author":[{"embeddable":true,"href":"https:\/\/autoconsumo.minenergia.cl\/index.php?rest_route=\/wp\/v2\/users\/3"}],"replies":[{"embeddable":true,"href":"https:\/\/autoconsumo.minenergia.cl\/index.php?rest_route=%2Fwp%2Fv2%2Fcomments&post=2734"}],"version-history":[{"count":1,"href":"https:\/\/autoconsumo.minenergia.cl\/index.php?rest_route=\/wp\/v2\/posts\/2734\/revisions"}],"predecessor-version":[{"id":2736,"href":"https:\/\/autoconsumo.minenergia.cl\/index.php?rest_route=\/wp\/v2\/posts\/2734\/revisions\/2736"}],"wp:featuredmedia":[{"embeddable":true,"href":"https:\/\/autoconsumo.minenergia.cl\/index.php?rest_route=\/wp\/v2\/media\/2735"}],"wp:attachment":[{"href":"https:\/\/autoconsumo.minenergia.cl\/index.php?rest_route=%2Fwp%2Fv2%2Fmedia&parent=2734"}],"wp:term":[{"taxonomy":"category","embeddable":true,"href":"https:\/\/autoconsumo.minenergia.cl\/index.php?rest_route=%2Fwp%2Fv2%2Fcategories&post=2734"},{"taxonomy":"post_tag","embeddable":true,"href":"https:\/\/autoconsumo.minenergia.cl\/index.php?rest_route=%2Fwp%2Fv2%2Ftags&post=2734"}],"curies":[{"name":"wp","href":"https:\/\/api.w.org\/{rel}","templated":true}]}}