{"id":2743,"date":"2019-01-11T11:53:36","date_gmt":"2019-01-11T11:53:36","guid":{"rendered":"http:\/\/www.minenergia.cl\/autoconsumo\/?p=2743"},"modified":"2019-01-11T11:53:36","modified_gmt":"2019-01-11T11:53:36","slug":"vina-cono-sur-muestra-sus-soluciones-en-eficiencia-energetica-y-energia-solar","status":"publish","type":"post","link":"https:\/\/autoconsumo.minenergia.cl\/?p=2743","title":{"rendered":"Vi\u00f1a Cono Sur muestra sus soluciones en eficiencia energ\u00e9tica y energ\u00eda solar"},"content":{"rendered":"<p><img loading=\"lazy\" decoding=\"async\" class=\"alignnone  wp-image-2744\" src=\"https:\/\/autoconsumo.minenergia.cl\/wp-content\/uploads\/2019\/01\/Logo-smart-Eenrgy-concept.png\" alt=\"\" width=\"597\" height=\"360\" srcset=\"https:\/\/autoconsumo.minenergia.cl\/wp-content\/uploads\/2019\/01\/Logo-smart-Eenrgy-concept.png 848w, https:\/\/autoconsumo.minenergia.cl\/wp-content\/uploads\/2019\/01\/Logo-smart-Eenrgy-concept-300x181.png 300w, https:\/\/autoconsumo.minenergia.cl\/wp-content\/uploads\/2019\/01\/Logo-smart-Eenrgy-concept-768x463.png 768w, https:\/\/autoconsumo.minenergia.cl\/wp-content\/uploads\/2019\/01\/Logo-smart-Eenrgy-concept-660x398.png 660w\" sizes=\"auto, (max-width: 597px) 100vw, 597px\" \/><\/p>\n<p>30 participantes fueron parte de esta instancia que tuvo como foco visitar en terreno las soluciones tecnol\u00f3gicas implementadas por la vi\u00f1a, entre ellas los variadores de frecuencia, la planta fotovoltaica para autoconsumo instalada bajo un modelo ESCO y su sistema de gesti\u00f3n de energ\u00eda implementado en las casetas de riego y para la bodega.<\/p>\n<p>El vino chileno es uno de los productos m\u00e1s cotizados de Chile por su calidad versus precio. Este mercado, al igual que el mercado de los agro-alimentos en general, es muy competitivo, por lo cual el adecuado manejo de los costos de producci\u00f3n es un factor decisivo para la sustentabilidad de negocio.<\/p>\n<p>En ese contexto y con el objetivo de fomentar la eficiencia energ\u00e9tica en el sector agroalimentario como un factor importante para disminuir los costos de producci\u00f3n , CAMCHAL, C\u00e1mara Chileno-Alemana de Comercio e Industria, a trav\u00e9s de su proyecto Smart Energy Concepts, junto con Vi\u00f1a Cono Sur y la Asociaci\u00f3n Gremial de Riego y Drenaje (AGRYD) e Hydrosacada, organizaron una Gira Tecnol\u00f3gica en la misma vi\u00f1a \u2013 Sello de Eficiencia Energ\u00e9tica GOLD \u2013 para representantes de empresas interesadas\u00a0 con el objetivo de que \u00e9stos pudieran conocer su experiencia y conocer en terreno las soluciones de Eficiencia Energ\u00e9tica (EE) y Energ\u00edas Renovables No Convencionales (ERNC) implementadas.<\/p>\n<p>El jefe del Sistema de Gesti\u00f3n y Sustentabilidad de Vi\u00f1a Cono Sur, Christian Maire, asegur\u00f3 que \u201cla principal motivaci\u00f3n de realizar esta Gira Tecnol\u00f3gica fue transmitir el camino que hemos recorrido en este \u00e1mbito a partir del 2012, para relatar los aspectos positivos y negativos sobre el tema y as\u00ed otras empresas no cometan los mismos errores\u201d.<\/p>\n<p>Entre los expositores estuvo la jefa del Proyecto Smart Energy Concepts y de Proyectos de Energ\u00eda de CAMCHAL, Annika Sch\u00fcttler, con su charla sobre el potencial de la eficiencia energ\u00e9tica en el agro, donde destac\u00f3 el gran potencial de la eficiencia energ\u00e9tica para disminuir los costos de producci\u00f3n, mostrando ejemplos concretos de medidas altamente replicables, como es la recuperaci\u00f3n de calor, el aislamiento t\u00e9rmico y la automatizaci\u00f3n, entre otros.<\/p>\n<p>Luego fue el turno de Felipe Chaparro de Inpower, que habl\u00f3 sobre el\u00a0 \u00a0consumo de energ\u00eda reactiva: \u201cSoluciones para Problemas T\u00e9cnicos y Multas\u201d, presentando la funci\u00f3n de un banco de condensadores y c\u00f3mo \u00e9ste ayuda a corregir el factor de potencia y, por ende, eliminar las multas asociadas a un factor de potencia bajo la norma.<\/p>\n<p>Arturo Vald\u00e9s de la empresa Hydroscada concluy\u00f3 la primera parte de la jornada mostrando la importancia de medir los consumos energ\u00e9ticos y las soluciones de sensores y software para un buen Sistema de Gesti\u00f3n de Energ\u00eda, adem\u00e1s de explicar el funcionamiento de los variadores de frecuencia y sus potenciales de ahorro.<\/p>\n<p>Posteriormente, se realiz\u00f3 un recorrido para ver las distintas tecnolog\u00edas implementadas por Vi\u00f1a Cono Sur funcionando en terreno, donde destacaron sus variadores de frecuencia en equipos de bombeo, los cuales riegan 100 hect\u00e1reas con control autom\u00e1tico y hacen una importante contribuci\u00f3n al ahorro energ\u00e9tico; los sistemas de gesti\u00f3n de energ\u00eda para casetas de riego y bodega y la planta fotovoltaica ON GRID para autoconsumo bajo modelo ESCO, en donde la vi\u00f1a no tuvo que invertir capital propio en estos equipos, por lo que el financiamiento, instalaci\u00f3n y posterior mantenci\u00f3n pasa a manos de una empresa desarrolladora de proyectos el\u00e9ctricos que firm\u00f3 un contrato de compraventa de energ\u00eda..<\/p>\n<p>Por su parte, el Coordinador Acad\u00e9mico y Especialidades Industriales en la Corporaci\u00f3n Educacional de la Sociedad Nacional de Agricultura, John Alexander asegur\u00f3 que \u201cel taller fue una gran oportunidad para aprender, compartir experiencias y generar alianzas con los actores m\u00e1s relevantes en materia de EE y ERNC, particularmente asociado al campo y a la agricultura\u201d.<\/p>\n<p>La jornada concluy\u00f3 con una exposici\u00f3n por parte del jefe del Sistema de Gesti\u00f3n y Sustentabilidad de Vi\u00f1a Cono Sur, Christian Maire, qui\u00e9n present\u00f3 su motivaci\u00f3n por embarcarse en el camino de la eficiencia energ\u00e9tica y las ERNC, los beneficios de la implementaci\u00f3n de la ISO 50.001, Sistemas de Gesti\u00f3n de la Energ\u00eda, y la obtenci\u00f3n del Sello de Eficiencia Energ\u00e9tica Gold otorgado por el Ministerio de Energ\u00eda.<\/p>\n<p>Fuente:\u00a0<a href=\"http:\/\/www.agrificiente.cl\/vina-cono-sur-muestra-sus-soluciones-en-eficiencia-energetica-y-energia-solar\/\">http:\/\/www.agrificiente.cl\/<\/a><\/p>\n","protected":false},"excerpt":{"rendered":"<p>30 participantes fueron parte de esta instancia que tuvo como foco visitar en terreno las soluciones tecnol\u00f3gicas implementadas por la vi\u00f1a, entre ellas los variadores de frecuencia, la planta fotovoltaica para autoconsumo instalada bajo un modelo ESCO y su sistema de gesti\u00f3n de energ\u00eda implementado en las casetas de riego y para la bodega. El [&hellip;]<\/p>\n","protected":false},"author":3,"featured_media":2744,"comment_status":"open","ping_status":"open","sticky":false,"template":"","format":"standard","meta":{"footnotes":""},"categories":[3],"tags":[],"class_list":["post-2743","post","type-post","status-publish","format-standard","has-post-thumbnail","hentry","category-noticias"],"_links":{"self":[{"href":"https:\/\/autoconsumo.minenergia.cl\/index.php?rest_route=\/wp\/v2\/posts\/2743","targetHints":{"allow":["GET"]}}],"collection":[{"href":"https:\/\/autoconsumo.minenergia.cl\/index.php?rest_route=\/wp\/v2\/posts"}],"about":[{"href":"https:\/\/autoconsumo.minenergia.cl\/index.php?rest_route=\/wp\/v2\/types\/post"}],"author":[{"embeddable":true,"href":"https:\/\/autoconsumo.minenergia.cl\/index.php?rest_route=\/wp\/v2\/users\/3"}],"replies":[{"embeddable":true,"href":"https:\/\/autoconsumo.minenergia.cl\/index.php?rest_route=%2Fwp%2Fv2%2Fcomments&post=2743"}],"version-history":[{"count":1,"href":"https:\/\/autoconsumo.minenergia.cl\/index.php?rest_route=\/wp\/v2\/posts\/2743\/revisions"}],"predecessor-version":[{"id":2745,"href":"https:\/\/autoconsumo.minenergia.cl\/index.php?rest_route=\/wp\/v2\/posts\/2743\/revisions\/2745"}],"wp:featuredmedia":[{"embeddable":true,"href":"https:\/\/autoconsumo.minenergia.cl\/index.php?rest_route=\/wp\/v2\/media\/2744"}],"wp:attachment":[{"href":"https:\/\/autoconsumo.minenergia.cl\/index.php?rest_route=%2Fwp%2Fv2%2Fmedia&parent=2743"}],"wp:term":[{"taxonomy":"category","embeddable":true,"href":"https:\/\/autoconsumo.minenergia.cl\/index.php?rest_route=%2Fwp%2Fv2%2Fcategories&post=2743"},{"taxonomy":"post_tag","embeddable":true,"href":"https:\/\/autoconsumo.minenergia.cl\/index.php?rest_route=%2Fwp%2Fv2%2Ftags&post=2743"}],"curies":[{"name":"wp","href":"https:\/\/api.w.org\/{rel}","templated":true}]}}