{"id":2767,"date":"2019-02-18T12:14:07","date_gmt":"2019-02-18T12:14:07","guid":{"rendered":"http:\/\/www.minenergia.cl\/autoconsumo\/?p=2767"},"modified":"2019-02-18T12:14:07","modified_gmt":"2019-02-18T12:14:07","slug":"subsecretario-de-energia-inauguro-proyecto-de-electrificacion-rural-en-cochamo","status":"publish","type":"post","link":"https:\/\/autoconsumo.minenergia.cl\/?p=2767","title":{"rendered":"Subsecretario de Energ\u00eda inaugur\u00f3 proyecto de electrificaci\u00f3n rural en Cocham\u00f3"},"content":{"rendered":"<h3><img loading=\"lazy\" decoding=\"async\" class=\"alignnone size-full wp-image-2768\" src=\"https:\/\/autoconsumo.minenergia.cl\/wp-content\/uploads\/2019\/02\/cochamo2.jpg\" alt=\"\" width=\"1200\" height=\"900\" srcset=\"https:\/\/autoconsumo.minenergia.cl\/wp-content\/uploads\/2019\/02\/cochamo2.jpg 1200w, https:\/\/autoconsumo.minenergia.cl\/wp-content\/uploads\/2019\/02\/cochamo2-300x225.jpg 300w, https:\/\/autoconsumo.minenergia.cl\/wp-content\/uploads\/2019\/02\/cochamo2-768x576.jpg 768w, https:\/\/autoconsumo.minenergia.cl\/wp-content\/uploads\/2019\/02\/cochamo2-1024x768.jpg 1024w, https:\/\/autoconsumo.minenergia.cl\/wp-content\/uploads\/2019\/02\/cochamo2-660x495.jpg 660w\" sizes=\"auto, (max-width: 1200px) 100vw, 1200px\" \/> \u00a0Subsecretario de Energ\u00eda inaugur\u00f3 proyecto de electrificaci\u00f3n rural en Cocham\u00f3 que permitir\u00e1 a 16 familias contar con abastecimiento el\u00e9ctrico durante las 24 horas del d\u00eda<\/h3>\n<p>El subsecretario Ricardo Irarr\u00e1zabal, junto al intendente de Los Lagos y al alcalde de Cocham\u00f3, encabezaron la inauguraci\u00f3n del proyecto que contempla paneles fotovoltaicos individuales y para el cual la Subsecretar\u00eda de Desarrollo Regional (Subdere) destin\u00f3 m\u00e1s de 200 millones de pesos.<\/p>\n<p>Emocionados y felices. As\u00ed estaban los integrantes de las 16 familias del sector de San Luis, en la comuna de Cocham\u00f3, quienes por muchos a\u00f1os esperaban materializar el anhelado sue\u00f1o de tener energ\u00eda el\u00e9ctrica.<br \/>\nHasta ese rec\u00f3ndito lugar de la Regi\u00f3n de Los Lagos -al cual se accede tras navegar 30 minutos en lancha desde el peque\u00f1o poblado de Cascajal, y despu\u00e9s de 40 minutos de caminata- lleg\u00f3 el subsecretario de Energ\u00eda, Ricardo Irarr\u00e1zabal, junto al intendente, Harry J\u00fcrgensen, al alcalde de Cocham\u00f3, Carlos Soto.<\/p>\n<p>\u201cEste proyecto de soluciones fotovoltaicas individuales para el sector de San Luis es el ejemplo perfecto de c\u00f3mo es posible llegar con electricidad a sectores aislados donde no es factible la extensi\u00f3n de las redes el\u00e9ctricas, aprovechando los recursos energ\u00e9ticos locales, a trav\u00e9s de soluciones limpias y sustentables. Adem\u00e1s, este proyecto se constituye como el hito de cumplimiento del compromiso establecido por el Gobierno del Presidente Sebasti\u00e1n Pi\u00f1era y que qued\u00f3 plasmado en nuestra Ruta Energ\u00e9tica 2018-2022, de lograr conectar o mejorar el suministro de, a lo menos, 2.500 familias por a\u00f1o\u201d, expres\u00f3 el subsecretario de Energ\u00eda.<\/p>\n<p>Por su parte, el intendente J\u00fcrgensen resalt\u00f3 que \u201cel lugar mismo no est\u00e1 tan alejado de Puerto Montt, sin embargo, est\u00e1 desconectado de Puerto Montt, porque no cuentan con los servicios b\u00e1sicos y eso atenta contra la calidad de vida de las personas. Por eso es que esta inauguraci\u00f3n es un momento de mucha felicidad para la comunidad de San Luis, que a partir de hoy va a tener energ\u00eda el\u00e9ctrica todo el d\u00eda; sin duda que les va a cambiar la vida\u201d.<\/p>\n<p>A su turno, el alcalde expres\u00f3 que \u201ceste es un gran proyecto y un gran desaf\u00edo. Desde que lleg\u00f3 electricidad a la comuna, no fue posible conectar a este gente. Esta inauguraci\u00f3n es el punto de partida de algo mayor, ya que tenemos a casi 220 familias divididas en diferentes comit\u00e9s el\u00e9ctricos, con sus directivas y libretas de ahorro, para que tengan una soluci\u00f3n como \u00e9sta\u201d.<\/p>\n<p>El proyecto<\/p>\n<p>Esta iniciativa consisti\u00f3 en abastecer con energ\u00eda el\u00e9ctrica a trav\u00e9s de soluciones fotovoltaicas individuales, dise\u00f1adas para proporcionar un abastecimiento continuo durante las 24 horas del d\u00eda en corriente alterna, para un consumo mensual de al menos 65 [kWh\/mes], cumpliendo as\u00ed con el est\u00e1ndar m\u00ednimo de suministro de proyectos de electrificaci\u00f3n rural.<\/p>\n<p>Para lograr lo anterior, la SUBDERE, a trav\u00e9s del Programa de Energizaci\u00f3n y con el apoyo la Divisi\u00f3n Acceso y Equidad Energ\u00e9tica, del ministerio de Energ\u00eda, desarroll\u00f3 el proyecto de electrificaci\u00f3n en el sector de San Luis que benefici\u00f3 a las 16 familias, una escuela y una posta\/sede social.<\/p>\n<p>El proyecto se encuentra finalizado y en funcionamiento, totalizando una inversi\u00f3n de $210.100.942 aportados por SUBDERE a trav\u00e9s del Programa de Mejoramiento de Barrios (PMB) y ejecutados por la uni\u00f3n temporal de proveedores SAESA \u2013 Wireless Energy.<\/p>\n<p>\u201cRespecto a las caracter\u00edsticas del proyecto desarrollado en el sector San Luis, el Gerente Zonal de Saesa, Juan Francisco Castillo expres\u00f3 que \u201cla empresa Saesa particip\u00f3 en el proceso de licitaci\u00f3n de este proyecto con soluciones que sean adecuadas para el lugar de acuerdo a las especificaciones t\u00e9cnicas. Esto consiste en la instalaci\u00f3n de 6 paneles fotovoltaicos, que alimentan con un banco de bater\u00edas de alta vida \u00fatil, lo que le permite a los vecinos contar con al menos 65 kWh de energ\u00eda el\u00e9ctrica al mes, para hacer sus actividades diarias de forma continua\u201d.<\/p>\n<p>&nbsp;<\/p>\n<p><img loading=\"lazy\" decoding=\"async\" class=\"alignnone size-full wp-image-2769\" src=\"https:\/\/autoconsumo.minenergia.cl\/wp-content\/uploads\/2019\/02\/cochamo.jpg\" alt=\"\" width=\"1200\" height=\"900\" srcset=\"https:\/\/autoconsumo.minenergia.cl\/wp-content\/uploads\/2019\/02\/cochamo.jpg 1200w, https:\/\/autoconsumo.minenergia.cl\/wp-content\/uploads\/2019\/02\/cochamo-300x225.jpg 300w, https:\/\/autoconsumo.minenergia.cl\/wp-content\/uploads\/2019\/02\/cochamo-768x576.jpg 768w, https:\/\/autoconsumo.minenergia.cl\/wp-content\/uploads\/2019\/02\/cochamo-1024x768.jpg 1024w, https:\/\/autoconsumo.minenergia.cl\/wp-content\/uploads\/2019\/02\/cochamo-660x495.jpg 660w\" sizes=\"auto, (max-width: 1200px) 100vw, 1200px\" \/><\/p>\n<p><img loading=\"lazy\" decoding=\"async\" class=\"alignnone size-full wp-image-2770\" src=\"https:\/\/autoconsumo.minenergia.cl\/wp-content\/uploads\/2019\/02\/cochamo3.jpg\" alt=\"\" width=\"1200\" height=\"799\" srcset=\"https:\/\/autoconsumo.minenergia.cl\/wp-content\/uploads\/2019\/02\/cochamo3.jpg 1200w, https:\/\/autoconsumo.minenergia.cl\/wp-content\/uploads\/2019\/02\/cochamo3-300x200.jpg 300w, https:\/\/autoconsumo.minenergia.cl\/wp-content\/uploads\/2019\/02\/cochamo3-768x511.jpg 768w, https:\/\/autoconsumo.minenergia.cl\/wp-content\/uploads\/2019\/02\/cochamo3-1024x682.jpg 1024w, https:\/\/autoconsumo.minenergia.cl\/wp-content\/uploads\/2019\/02\/cochamo3-660x439.jpg 660w\" sizes=\"auto, (max-width: 1200px) 100vw, 1200px\" \/><\/p>\n","protected":false},"excerpt":{"rendered":"<p>\u00a0Subsecretario de Energ\u00eda inaugur\u00f3 proyecto de electrificaci\u00f3n rural en Cocham\u00f3 que permitir\u00e1 a 16 familias contar con abastecimiento el\u00e9ctrico durante las 24 horas del d\u00eda El subsecretario Ricardo Irarr\u00e1zabal, junto al intendente de Los Lagos y al alcalde de Cocham\u00f3, encabezaron la inauguraci\u00f3n del proyecto que contempla paneles fotovoltaicos individuales y para el cual la [&hellip;]<\/p>\n","protected":false},"author":3,"featured_media":2768,"comment_status":"open","ping_status":"open","sticky":false,"template":"","format":"standard","meta":{"footnotes":""},"categories":[3],"tags":[],"class_list":["post-2767","post","type-post","status-publish","format-standard","has-post-thumbnail","hentry","category-noticias"],"_links":{"self":[{"href":"https:\/\/autoconsumo.minenergia.cl\/index.php?rest_route=\/wp\/v2\/posts\/2767","targetHints":{"allow":["GET"]}}],"collection":[{"href":"https:\/\/autoconsumo.minenergia.cl\/index.php?rest_route=\/wp\/v2\/posts"}],"about":[{"href":"https:\/\/autoconsumo.minenergia.cl\/index.php?rest_route=\/wp\/v2\/types\/post"}],"author":[{"embeddable":true,"href":"https:\/\/autoconsumo.minenergia.cl\/index.php?rest_route=\/wp\/v2\/users\/3"}],"replies":[{"embeddable":true,"href":"https:\/\/autoconsumo.minenergia.cl\/index.php?rest_route=%2Fwp%2Fv2%2Fcomments&post=2767"}],"version-history":[{"count":1,"href":"https:\/\/autoconsumo.minenergia.cl\/index.php?rest_route=\/wp\/v2\/posts\/2767\/revisions"}],"predecessor-version":[{"id":2771,"href":"https:\/\/autoconsumo.minenergia.cl\/index.php?rest_route=\/wp\/v2\/posts\/2767\/revisions\/2771"}],"wp:featuredmedia":[{"embeddable":true,"href":"https:\/\/autoconsumo.minenergia.cl\/index.php?rest_route=\/wp\/v2\/media\/2768"}],"wp:attachment":[{"href":"https:\/\/autoconsumo.minenergia.cl\/index.php?rest_route=%2Fwp%2Fv2%2Fmedia&parent=2767"}],"wp:term":[{"taxonomy":"category","embeddable":true,"href":"https:\/\/autoconsumo.minenergia.cl\/index.php?rest_route=%2Fwp%2Fv2%2Fcategories&post=2767"},{"taxonomy":"post_tag","embeddable":true,"href":"https:\/\/autoconsumo.minenergia.cl\/index.php?rest_route=%2Fwp%2Fv2%2Ftags&post=2767"}],"curies":[{"name":"wp","href":"https:\/\/api.w.org\/{rel}","templated":true}]}}