{"id":2772,"date":"2019-02-18T14:54:05","date_gmt":"2019-02-18T14:54:05","guid":{"rendered":"http:\/\/www.minenergia.cl\/autoconsumo\/?p=2772"},"modified":"2019-02-18T14:54:05","modified_gmt":"2019-02-18T14:54:05","slug":"sunplicity-construira-su-primer-proyecto-solar-en-la-iii-region","status":"publish","type":"post","link":"https:\/\/autoconsumo.minenergia.cl\/?p=2772","title":{"rendered":"S\u00fcnplicity construir\u00e1 su primer proyecto solar en la III Regi\u00f3n."},"content":{"rendered":"<p><img loading=\"lazy\" decoding=\"async\" class=\"alignnone size-full wp-image-2773\" src=\"https:\/\/autoconsumo.minenergia.cl\/wp-content\/uploads\/2019\/02\/agricola-pabellon.jpg\" alt=\"\" width=\"1000\" height=\"638\" srcset=\"https:\/\/autoconsumo.minenergia.cl\/wp-content\/uploads\/2019\/02\/agricola-pabellon.jpg 1000w, https:\/\/autoconsumo.minenergia.cl\/wp-content\/uploads\/2019\/02\/agricola-pabellon-300x191.jpg 300w, https:\/\/autoconsumo.minenergia.cl\/wp-content\/uploads\/2019\/02\/agricola-pabellon-768x490.jpg 768w, https:\/\/autoconsumo.minenergia.cl\/wp-content\/uploads\/2019\/02\/agricola-pabellon-660x421.jpg 660w\" sizes=\"auto, (max-width: 1000px) 100vw, 1000px\" \/><\/p>\n<p>Gracias al cierre de contrato con Agr\u00edcola Pabell\u00f3n, S\u00fcnplicity construir\u00e1 en la comuna de Tierra Amarilla su primer proyecto agr\u00edcola en el norte del pa\u00eds.<\/p>\n<p>Este acuerdo permitir\u00e1 construir una planta de\u00a0<strong>300 KWp en techo<\/strong>\u00a0para autoabastecer los consumos de la empresa.<\/p>\n<p><strong>Alexander Pavez, Jefe de Negocios Empresas de S\u00fcnplicity<\/strong>\u00a0se\u00f1ala que \u201cEste proyecto es nuestro primer desarrollo en la regi\u00f3n de Atacama, en un sector privilegiado por la radiaci\u00f3n solar y donde las condiciones meteorol\u00f3gicas son ideales para este tipo de iniciativas. Estamos expectantes por ver la performance del sistema solar fotovoltaico que aportar\u00e1\u00a0<strong>94% de la demanda energ\u00e9tica del cliente.<\/strong>\u201d<\/p>\n<p>Sunplicity permite acceder a este tipo de proyectos solares mediante un sistema de leasing, d\u00f3nde no se requiere inversi\u00f3n inicial y el cual se<br \/>\npaga mediante los ahorros que se generan.<\/p>\n<p>Fuente:\u00a0<a href=\"http:\/\/www.sunplicity.cl\/sunplicity-construira-su-primer-proyecto-solar-en-la-iii-region\/\">http:\/\/www.sunplicity.cl\/<\/a><\/p>\n","protected":false},"excerpt":{"rendered":"<p>Gracias al cierre de contrato con Agr\u00edcola Pabell\u00f3n, S\u00fcnplicity construir\u00e1 en la comuna de Tierra Amarilla su primer proyecto agr\u00edcola en el norte del pa\u00eds. Este acuerdo permitir\u00e1 construir una planta de\u00a0300 KWp en techo\u00a0para autoabastecer los consumos de la empresa. Alexander Pavez, Jefe de Negocios Empresas de S\u00fcnplicity\u00a0se\u00f1ala que \u201cEste proyecto es nuestro primer [&hellip;]<\/p>\n","protected":false},"author":3,"featured_media":2773,"comment_status":"open","ping_status":"open","sticky":false,"template":"","format":"standard","meta":{"footnotes":""},"categories":[3],"tags":[],"class_list":["post-2772","post","type-post","status-publish","format-standard","has-post-thumbnail","hentry","category-noticias"],"_links":{"self":[{"href":"https:\/\/autoconsumo.minenergia.cl\/index.php?rest_route=\/wp\/v2\/posts\/2772","targetHints":{"allow":["GET"]}}],"collection":[{"href":"https:\/\/autoconsumo.minenergia.cl\/index.php?rest_route=\/wp\/v2\/posts"}],"about":[{"href":"https:\/\/autoconsumo.minenergia.cl\/index.php?rest_route=\/wp\/v2\/types\/post"}],"author":[{"embeddable":true,"href":"https:\/\/autoconsumo.minenergia.cl\/index.php?rest_route=\/wp\/v2\/users\/3"}],"replies":[{"embeddable":true,"href":"https:\/\/autoconsumo.minenergia.cl\/index.php?rest_route=%2Fwp%2Fv2%2Fcomments&post=2772"}],"version-history":[{"count":1,"href":"https:\/\/autoconsumo.minenergia.cl\/index.php?rest_route=\/wp\/v2\/posts\/2772\/revisions"}],"predecessor-version":[{"id":2774,"href":"https:\/\/autoconsumo.minenergia.cl\/index.php?rest_route=\/wp\/v2\/posts\/2772\/revisions\/2774"}],"wp:featuredmedia":[{"embeddable":true,"href":"https:\/\/autoconsumo.minenergia.cl\/index.php?rest_route=\/wp\/v2\/media\/2773"}],"wp:attachment":[{"href":"https:\/\/autoconsumo.minenergia.cl\/index.php?rest_route=%2Fwp%2Fv2%2Fmedia&parent=2772"}],"wp:term":[{"taxonomy":"category","embeddable":true,"href":"https:\/\/autoconsumo.minenergia.cl\/index.php?rest_route=%2Fwp%2Fv2%2Fcategories&post=2772"},{"taxonomy":"post_tag","embeddable":true,"href":"https:\/\/autoconsumo.minenergia.cl\/index.php?rest_route=%2Fwp%2Fv2%2Ftags&post=2772"}],"curies":[{"name":"wp","href":"https:\/\/api.w.org\/{rel}","templated":true}]}}