{"id":2782,"date":"2019-03-11T12:21:35","date_gmt":"2019-03-11T12:21:35","guid":{"rendered":"http:\/\/www.minenergia.cl\/autoconsumo\/?p=2782"},"modified":"2019-03-11T12:21:35","modified_gmt":"2019-03-11T12:21:35","slug":"la-granja-pone-en-marcha-plan-comunal-para-instalar-colectores-solares-a-vecinos","status":"publish","type":"post","link":"https:\/\/autoconsumo.minenergia.cl\/?p=2782","title":{"rendered":"La Granja pone en marcha plan comunal para instalar colectores solares a vecinos"},"content":{"rendered":"<h2 class=\"excerpt\"><img loading=\"lazy\" decoding=\"async\" class=\"alignnone size-full wp-image-2783\" src=\"https:\/\/autoconsumo.minenergia.cl\/wp-content\/uploads\/2019\/03\/la-granja.jpg\" alt=\"\" width=\"1200\" height=\"600\" srcset=\"https:\/\/autoconsumo.minenergia.cl\/wp-content\/uploads\/2019\/03\/la-granja.jpg 1200w, https:\/\/autoconsumo.minenergia.cl\/wp-content\/uploads\/2019\/03\/la-granja-300x150.jpg 300w, https:\/\/autoconsumo.minenergia.cl\/wp-content\/uploads\/2019\/03\/la-granja-768x384.jpg 768w, https:\/\/autoconsumo.minenergia.cl\/wp-content\/uploads\/2019\/03\/la-granja-1024x512.jpg 1024w, https:\/\/autoconsumo.minenergia.cl\/wp-content\/uploads\/2019\/03\/la-granja-660x330.jpg 660w\" sizes=\"auto, (max-width: 1200px) 100vw, 1200px\" \/><\/h2>\n<h2 class=\"excerpt\">El aparato en las techumbres permitir\u00e1 ahorrar hasta 6 galones grandes de gas al a\u00f1o<\/h2>\n<p class=\"selectionShareable\">La energ\u00eda solar como fuente renovable comienza a ser tendencia en el pa\u00eds.\u00a0Por lo mismo, la Municipalidad de La Granja acaba de poner en marcha la instalaci\u00f3n de colectores solares que prometen ser un alivio no menor para el bolsillo de sus vecinos.<\/p>\n<p class=\"selectionShareable\">El municipio instalar\u00e1 80 colectores solares para hogares este a\u00f1o, proyecto que tiene una inversi\u00f3n de 70 millones de pesos aproximadamente y forma parte del proyecto de Obras de Innovaci\u00f3n y Eficiencia Energ\u00e9tica, que lidera el alcalde Felipe Delpin.<\/p>\n<p class=\"selectionShareable\">\u201cEste es un proyecto innovador que permitir\u00e1 a nuestros vecinos ahorrar y entregar\u00e1 una mejor calidad de vida\u201d, explic\u00f3 el\u00a0edil Delpin. Eso, porque los colectores solares, hechos de placa plana con cubierta de vidrio, est\u00e1n especialmente hechos para suplir el servicio de gas domiciliario y calentadores de agua el\u00e9ctricos.<\/p>\n<p class=\"selectionShareable\">Seg\u00fan estiman, al a\u00f1o una familia en La Granja ahorrar\u00e1 uno $250 mil en conceptos de agua caliente y gas. Eso, porque\u00a0como referencia\u00a0una familia de 4\u00a0o 5 personas, evitar\u00e1 comprar hasta 6 galones al a\u00f1o, mientras\u00a0el estanque acumulador rinde entre 143 y 145 litros.<\/p>\n<p class=\"selectionShareable\">Los primeros 45 colectores solares se instalaron gratuitamente para los vecinos en la Villa Los Paltos II, mientras que los restantes se instalar\u00e1n en la Villa Los Rosales y Las Am\u00e9ricas.<\/p>\n","protected":false},"excerpt":{"rendered":"<p>El aparato en las techumbres permitir\u00e1 ahorrar hasta 6 galones grandes de gas al a\u00f1o La energ\u00eda solar como fuente renovable comienza a ser tendencia en el pa\u00eds.\u00a0Por lo mismo, la Municipalidad de La Granja acaba de poner en marcha la instalaci\u00f3n de colectores solares que prometen ser un alivio no menor para el bolsillo [&hellip;]<\/p>\n","protected":false},"author":3,"featured_media":2783,"comment_status":"open","ping_status":"open","sticky":false,"template":"","format":"standard","meta":{"footnotes":""},"categories":[3],"tags":[],"class_list":["post-2782","post","type-post","status-publish","format-standard","has-post-thumbnail","hentry","category-noticias"],"_links":{"self":[{"href":"https:\/\/autoconsumo.minenergia.cl\/index.php?rest_route=\/wp\/v2\/posts\/2782","targetHints":{"allow":["GET"]}}],"collection":[{"href":"https:\/\/autoconsumo.minenergia.cl\/index.php?rest_route=\/wp\/v2\/posts"}],"about":[{"href":"https:\/\/autoconsumo.minenergia.cl\/index.php?rest_route=\/wp\/v2\/types\/post"}],"author":[{"embeddable":true,"href":"https:\/\/autoconsumo.minenergia.cl\/index.php?rest_route=\/wp\/v2\/users\/3"}],"replies":[{"embeddable":true,"href":"https:\/\/autoconsumo.minenergia.cl\/index.php?rest_route=%2Fwp%2Fv2%2Fcomments&post=2782"}],"version-history":[{"count":1,"href":"https:\/\/autoconsumo.minenergia.cl\/index.php?rest_route=\/wp\/v2\/posts\/2782\/revisions"}],"predecessor-version":[{"id":2784,"href":"https:\/\/autoconsumo.minenergia.cl\/index.php?rest_route=\/wp\/v2\/posts\/2782\/revisions\/2784"}],"wp:featuredmedia":[{"embeddable":true,"href":"https:\/\/autoconsumo.minenergia.cl\/index.php?rest_route=\/wp\/v2\/media\/2783"}],"wp:attachment":[{"href":"https:\/\/autoconsumo.minenergia.cl\/index.php?rest_route=%2Fwp%2Fv2%2Fmedia&parent=2782"}],"wp:term":[{"taxonomy":"category","embeddable":true,"href":"https:\/\/autoconsumo.minenergia.cl\/index.php?rest_route=%2Fwp%2Fv2%2Fcategories&post=2782"},{"taxonomy":"post_tag","embeddable":true,"href":"https:\/\/autoconsumo.minenergia.cl\/index.php?rest_route=%2Fwp%2Fv2%2Ftags&post=2782"}],"curies":[{"name":"wp","href":"https:\/\/api.w.org\/{rel}","templated":true}]}}