{"id":2795,"date":"2019-03-16T12:05:05","date_gmt":"2019-03-16T12:05:05","guid":{"rendered":"http:\/\/www.minenergia.cl\/autoconsumo\/?p=2795"},"modified":"2019-03-26T12:07:43","modified_gmt":"2019-03-26T12:07:43","slug":"chile-con-primer-planta-solar-flotante-sobre-relaves-del-mundo","status":"publish","type":"post","link":"https:\/\/autoconsumo.minenergia.cl\/?p=2795","title":{"rendered":"Chile con primer planta solar flotante sobre relaves del mundo"},"content":{"rendered":"<p>Chile tiene la primer planta solar sobre relaves del mundo. Aqu\u00ed se combina la miner\u00eda sostenible y la energ\u00eda renovable.<\/p>\n<p><img loading=\"lazy\" decoding=\"async\" class=\"alignnone size-full wp-image-2796\" src=\"https:\/\/autoconsumo.minenergia.cl\/wp-content\/uploads\/2019\/03\/relave.jpg\" alt=\"\" width=\"610\" height=\"407\" srcset=\"https:\/\/autoconsumo.minenergia.cl\/wp-content\/uploads\/2019\/03\/relave.jpg 610w, https:\/\/autoconsumo.minenergia.cl\/wp-content\/uploads\/2019\/03\/relave-300x200.jpg 300w\" sizes=\"auto, (max-width: 610px) 100vw, 610px\" \/><\/p>\n<p>La iniciativa consiste en 256 paneles fotovoltaicos (de 330 watts cada uno) instalados en el dep\u00f3sito Las T\u00f3rtolas, con capacidad para generar en conjunto 86 kW. Los paneles se ubican sobre una isla flotante y est\u00e1n conectados a una sala de servicios, desde donde se monitorear\u00e1 la energ\u00eda que el sistema generar\u00e1 a diario. Este proyecto, que se ejecuta por primera vez en un sistema altamente din\u00e1mico como un tranque de relaves, permitir\u00e1 reducir las emisiones de CO2 en 58 toneladas al a\u00f1o, generar energ\u00eda el\u00e9ctrica renovable de 150.000 kWh\/a\u00f1o y reducir en un 80% la evaporaci\u00f3n del agua sobre el \u00e1rea que cubre.<\/p>\n<p><img decoding=\"async\" class=\"alignnone size-full wp-image-47048\" src=\"https:\/\/revolucionrenovable.files.wordpress.com\/2019\/03\/planta-fotovolotaic-lt.jpg?w=723\" sizes=\"(max-width: 723px) 100vw, 723px\" srcset=\"https:\/\/revolucionrenovable.files.wordpress.com\/2019\/03\/planta-fotovolotaic-lt.jpg?w=723 723w, https:\/\/revolucionrenovable.files.wordpress.com\/2019\/03\/planta-fotovolotaic-lt.jpg?w=150 150w, https:\/\/revolucionrenovable.files.wordpress.com\/2019\/03\/planta-fotovolotaic-lt.jpg?w=300 300w, https:\/\/revolucionrenovable.files.wordpress.com\/2019\/03\/planta-fotovolotaic-lt.jpg?w=768 768w, https:\/\/revolucionrenovable.files.wordpress.com\/2019\/03\/planta-fotovolotaic-lt.jpg?w=1024 1024w, https:\/\/revolucionrenovable.files.wordpress.com\/2019\/03\/planta-fotovolotaic-lt.jpg 1280w\" alt=\"planta-fotovolotaic-lt.jpg\" data-attachment-id=\"47048\" data-permalink=\"https:\/\/energialimpiaparatodos.com\/2019\/03\/15\/destaca-mineria-en-chile-instala-planta-de-energia-solar-sobre-agua\/planta-fotovolotaic-lt\/\" data-orig-file=\"https:\/\/revolucionrenovable.files.wordpress.com\/2019\/03\/planta-fotovolotaic-lt.jpg\" data-orig-size=\"1280,406\" data-comments-opened=\"1\" data-image-meta=\"{&quot;aperture&quot;:&quot;0&quot;,&quot;credit&quot;:&quot;&quot;,&quot;camera&quot;:&quot;&quot;,&quot;caption&quot;:&quot;&quot;,&quot;created_timestamp&quot;:&quot;0&quot;,&quot;copyright&quot;:&quot;&quot;,&quot;focal_length&quot;:&quot;0&quot;,&quot;iso&quot;:&quot;0&quot;,&quot;shutter_speed&quot;:&quot;0&quot;,&quot;title&quot;:&quot;&quot;,&quot;orientation&quot;:&quot;0&quot;}\" data-image-title=\"planta-fotovolotaic-lt\" data-image-description=\"\" data-medium-file=\"https:\/\/revolucionrenovable.files.wordpress.com\/2019\/03\/planta-fotovolotaic-lt.jpg?w=300\" data-large-file=\"https:\/\/revolucionrenovable.files.wordpress.com\/2019\/03\/planta-fotovolotaic-lt.jpg?w=723\" \/><\/p>\n<p>La iniciativa, que se puso en marcha en presencia del Ministro de Miner\u00eda Baldo Prokurica, consiste en paneles solares instalados en una isla flotante sobre el dep\u00f3sito de relaves Las T\u00f3rtolas, en la comuna de Colina. El proyecto, pionero a nivel mundial, permitir\u00e1 reducir las emisiones de CO2 en 58 toneladas al a\u00f1o, generar energ\u00eda el\u00e9ctrica renovable de 150.000 kWh\/a\u00f1o y reducir en un 80% la evaporaci\u00f3n del agua en el \u00e1rea que cubre.<\/p>\n<p>El secretario de Estado enfatiz\u00f3 que \u201cla miner\u00eda tiene diversos desaf\u00edos respecto de muchas \u00e1reas y una de ellas es el cuidado del medioambiente. Iniciativas como esta posicionan a Chile en la vanguardia mundial de la innovaci\u00f3n minera, para hacer una industria cada vez m\u00e1s sustentable. Este proyecto de Anglo American es una excelente idea para la trazabilidad de la miner\u00eda y para el uso eficiente del agua\u201d. El reporte oficial que recoge Energ\u00eda Limpia XXI destaca que esta iniciativa pionera en Chile, surge como una soluci\u00f3n para maximizar el uso eficiente de agua ante la escasez h\u00eddrica de la zona central del pa\u00eds, donde se ubica la mina Los Bronces de Anglo American. El objetivo es reducir la evaporaci\u00f3n del agua en la superficie de Las T\u00f3rtolas, con el fin de aumentar la disponibilidad para recirculaci\u00f3n en el proceso minero.<\/p>\n<p>Hoy Los Bronces recircula entre el 70% y el 80% del agua del proceso, lo que permite abastecer un 45% del requerimiento total de la operaci\u00f3n. De este modo, este proyecto contribuye a realizar una miner\u00eda m\u00e1s sustentable al generar energ\u00eda, reducir emisiones y optimizar el uso de agua.<\/p>\n<p>\u201cEsta iniciativa refuerza el compromiso de Anglo American con desarrollar una nueva miner\u00eda, que se adapta y conecta con los intereses de las comunidades vecinas y que ha hecho de la innovaci\u00f3n un eje fundamental de su actividad. Creemos que re-imaginar la miner\u00eda, desafiando la manera en que se han hecho siempre las cosas, debe ser una prioridad. Al desarrollar activamente nuevas soluciones y estimular nuevas formas de pensar y trabajar, avanzamos hacia una miner\u00eda cada vez m\u00e1s sustentable\u201d, explic\u00f3 el vicepresidente de Operaciones Los Bronces de Anglo American, Patricio Chacana.<\/p>\n<p>Por su parte, el seremi de Energ\u00eda de la Regi\u00f3n Metropolitana, Sebasti\u00e1n Herrera, coment\u00f3 que \u201cestas innovaciones tecnol\u00f3gicas no solamente benefician a la miner\u00eda y al pa\u00eds, sino que tambi\u00e9n beneficia al medioambiente y a las comunidades porque no producen ning\u00fan tipo de impacto y es hacia all\u00ed hacia donde queremos apuntar\u201d.<\/p>\n<p>Durante el a\u00f1o, se monitorear\u00e1n los resultados de esta innovaci\u00f3n, con el fin de ampliar este piloto a una planta de mayor tama\u00f1o. Su \u00e9xito depender\u00e1 de la correcta interacci\u00f3n entre la isla y el tranque de relaves.<\/p>\n<p>Sobre la planta fotovoltaica<\/p>\n<p>Los paneles son m\u00f3dulos policristalinos de 72 celdas, double glass sin marco de aluminio. Tienen resistencia a condiciones clim\u00e1ticas extremas como viento o sismos. El sistema de anclaje resiste eventos de viento de 210 km\/h y puede adaptarse al aumento o disminuci\u00f3n del nivel del tranque.<\/p>\n<p>La instalaci\u00f3n convierte este espacio nunca antes utilizado, en un \u00e1rea aprovechable y mejora la generaci\u00f3n el\u00e9ctrica fotovoltaica gracias al efecto de enfriamiento natural del sistema, producto de la diferencia de temperatura entre el agua y el ambiente.<\/p>\n<p>En 2018 Los Bronces produjo 370.00 toneladas de cobre fino, entre c\u00e1todos de alta pureza y cobre contenido en concentrado, adem\u00e1s de 2.421 toneladas de molibdeno contenido en concentrado.<\/p>\n<p>Esta empresa tiene importantes proyectos en Chile, Per\u00fa, Brasil y Argentina.<\/p>\n<p>Fuente:\u00a0<a href=\"https:\/\/energialimpiaparatodos.com\/2019\/03\/16\/tecnologia-chile-solar-en-agua\/\">https:\/\/energialimpiaparatodos.com<\/a><\/p>\n","protected":false},"excerpt":{"rendered":"<p>Chile tiene la primer planta solar sobre relaves del mundo. Aqu\u00ed se combina la miner\u00eda sostenible y la energ\u00eda renovable. La iniciativa consiste en 256 paneles fotovoltaicos (de 330 watts cada uno) instalados en el dep\u00f3sito Las T\u00f3rtolas, con capacidad para generar en conjunto 86 kW. Los paneles se ubican sobre una isla flotante y [&hellip;]<\/p>\n","protected":false},"author":3,"featured_media":2796,"comment_status":"open","ping_status":"open","sticky":false,"template":"","format":"standard","meta":{"footnotes":""},"categories":[3],"tags":[],"class_list":["post-2795","post","type-post","status-publish","format-standard","has-post-thumbnail","hentry","category-noticias"],"_links":{"self":[{"href":"https:\/\/autoconsumo.minenergia.cl\/index.php?rest_route=\/wp\/v2\/posts\/2795","targetHints":{"allow":["GET"]}}],"collection":[{"href":"https:\/\/autoconsumo.minenergia.cl\/index.php?rest_route=\/wp\/v2\/posts"}],"about":[{"href":"https:\/\/autoconsumo.minenergia.cl\/index.php?rest_route=\/wp\/v2\/types\/post"}],"author":[{"embeddable":true,"href":"https:\/\/autoconsumo.minenergia.cl\/index.php?rest_route=\/wp\/v2\/users\/3"}],"replies":[{"embeddable":true,"href":"https:\/\/autoconsumo.minenergia.cl\/index.php?rest_route=%2Fwp%2Fv2%2Fcomments&post=2795"}],"version-history":[{"count":1,"href":"https:\/\/autoconsumo.minenergia.cl\/index.php?rest_route=\/wp\/v2\/posts\/2795\/revisions"}],"predecessor-version":[{"id":2797,"href":"https:\/\/autoconsumo.minenergia.cl\/index.php?rest_route=\/wp\/v2\/posts\/2795\/revisions\/2797"}],"wp:featuredmedia":[{"embeddable":true,"href":"https:\/\/autoconsumo.minenergia.cl\/index.php?rest_route=\/wp\/v2\/media\/2796"}],"wp:attachment":[{"href":"https:\/\/autoconsumo.minenergia.cl\/index.php?rest_route=%2Fwp%2Fv2%2Fmedia&parent=2795"}],"wp:term":[{"taxonomy":"category","embeddable":true,"href":"https:\/\/autoconsumo.minenergia.cl\/index.php?rest_route=%2Fwp%2Fv2%2Fcategories&post=2795"},{"taxonomy":"post_tag","embeddable":true,"href":"https:\/\/autoconsumo.minenergia.cl\/index.php?rest_route=%2Fwp%2Fv2%2Ftags&post=2795"}],"curies":[{"name":"wp","href":"https:\/\/api.w.org\/{rel}","templated":true}]}}