{"id":2799,"date":"2019-04-10T13:07:30","date_gmt":"2019-04-10T13:07:30","guid":{"rendered":"http:\/\/www.minenergia.cl\/autoconsumo\/?p=2799"},"modified":"2019-04-10T13:08:41","modified_gmt":"2019-04-10T13:08:41","slug":"region-de-ohiggins-inauguran-planta-solar-para-la-deshidratacion-hortofruticola","status":"publish","type":"post","link":"https:\/\/autoconsumo.minenergia.cl\/?p=2799","title":{"rendered":"Regi\u00f3n de O\u00b4Higgins: Inauguran planta solar para la Deshidrataci\u00f3n Hortofrut\u00edcola"},"content":{"rendered":"<h4><img loading=\"lazy\" decoding=\"async\" class=\"alignnone size-full wp-image-2802\" src=\"https:\/\/autoconsumo.minenergia.cl\/wp-content\/uploads\/2019\/04\/planta-solar-hortofruticola-ohiggins2-702x336.png\" alt=\"\" width=\"702\" height=\"336\" srcset=\"https:\/\/autoconsumo.minenergia.cl\/wp-content\/uploads\/2019\/04\/planta-solar-hortofruticola-ohiggins2-702x336.png 702w, https:\/\/autoconsumo.minenergia.cl\/wp-content\/uploads\/2019\/04\/planta-solar-hortofruticola-ohiggins2-702x336-300x144.png 300w, https:\/\/autoconsumo.minenergia.cl\/wp-content\/uploads\/2019\/04\/planta-solar-hortofruticola-ohiggins2-702x336-660x316.png 660w\" sizes=\"auto, (max-width: 702px) 100vw, 702px\" \/><\/h4>\n<h4><span class=\"text-node\">Iniciativa, que fomenta el acceso a las Energ\u00edas Renovables, permitir\u00e1 a a los peque\u00f1os y medianos productores ampliar sus mercados y mejorar su poder de compra<\/span><\/h4>\n<p><span class=\"text-node\">Hasta la localidad de Matancilla, en la comuna de Litueche, se dirigi\u00f3 el Seremi de Energ\u00eda, Pedro Pablo Ogaz, para participar en la inauguraci\u00f3n de la Planta de Deshidrataci\u00f3n Solar de Productos Hortofrut\u00edcolas, iniciativa que cont\u00f3 con el apoyo del Ministerio de Energ\u00eda, a trav\u00e9s del Concurso Impacta Energ\u00eda, adem\u00e1s, del Fondo para la Innovaci\u00f3n Agropecuaria (FIA) y la l\u00ednea de capital humano para la innovaci\u00f3n de CORFO.<\/span><\/p>\n<p><span class=\"text-node\">El proyecto tiene por objetivo generar un proceso de deshidratado sustentable que permita a los peque\u00f1os y medianos productores ampliar los mercados a los que actualmente acceden y mejorar su poder de compra, reemplazando los m\u00e9todos tradicionales de secado en base al uso de combustibles f\u00f3siles y secado en cancha y reduciendo los costos del proceso de deshidratado.<\/span><\/p>\n<p><img loading=\"lazy\" decoding=\"async\" class=\"alignnone size-full wp-image-2800\" src=\"https:\/\/autoconsumo.minenergia.cl\/wp-content\/uploads\/2019\/04\/planta-solar-hortofruticola-ohiggins1.png\" alt=\"\" width=\"712\" height=\"365\" srcset=\"https:\/\/autoconsumo.minenergia.cl\/wp-content\/uploads\/2019\/04\/planta-solar-hortofruticola-ohiggins1.png 712w, https:\/\/autoconsumo.minenergia.cl\/wp-content\/uploads\/2019\/04\/planta-solar-hortofruticola-ohiggins1-300x154.png 300w, https:\/\/autoconsumo.minenergia.cl\/wp-content\/uploads\/2019\/04\/planta-solar-hortofruticola-ohiggins1-660x338.png 660w\" sizes=\"auto, (max-width: 712px) 100vw, 712px\" \/><\/p>\n<p>Al respecto, el Seremi de Energ\u00eda de la regi\u00f3n de O\u00b4Higgins, Pedro Pablo Ogaz, se\u00f1al\u00f3 que \u201cEstamos muy contentos como Ministerio de Energ\u00eda, de apoyar a emprendedores e iniciativas innovadoras, que fomenten el acceso y el uso de las energ\u00edas renovables en las MIPYMES, para reducir costos y aumentar su productividad. Felicitamos a la empresa Roda Energ\u00eda, que se dedica a servicios de consultor\u00eda e ingenier\u00eda en el \u00e1mbito energ\u00e9tico, quien se adjudic\u00f3 este proyecto que hoy estamos inaugurando en la comuna de Litueche\u201d.<\/p>\n<p><span class=\"text-node\">La planta contempla la instalaci\u00f3n de un campo de 200 metros cuadrados de colectores solares (80 en total). La energ\u00eda cal\u00f3rica obtenida a partir del agua caliente ser\u00e1 transferida, a trav\u00e9s de un intercambiador de calor, a un flujo de aire controlado que, a su vez, ingresa a la c\u00e1mara de secado dentro de la que se ubican carros porta bandejas con una capacidad de deshidratado del orden de entre 138 a 246 kil\u00f3gramos diarios de producto hortofrut\u00edcola, dependiendo del tipo.<\/span><\/p>\n<p><span class=\"text-node\">El sistema cuenta con un circuito primario, a partir de los colectores solares, y uno secundario a trav\u00e9s de un estanque de acumulaci\u00f3n que permite extender el horario de funcionamiento de la planta.<\/span><\/p>\n<p>Fuente:\u00a0<a href=\"https:\/\/www.poderyliderazgo.cl\/region-de-ohiggins-inauguran-planta-solar-para-la-deshidratacion-hortofruticola\/\">https:\/\/www.poderyliderazgo.cl\/<\/a><\/p>\n","protected":false},"excerpt":{"rendered":"<p>Iniciativa, que fomenta el acceso a las Energ\u00edas Renovables, permitir\u00e1 a a los peque\u00f1os y medianos productores ampliar sus mercados y mejorar su poder de compra Hasta la localidad de Matancilla, en la comuna de Litueche, se dirigi\u00f3 el Seremi de Energ\u00eda, Pedro Pablo Ogaz, para participar en la inauguraci\u00f3n de la Planta de Deshidrataci\u00f3n [&hellip;]<\/p>\n","protected":false},"author":3,"featured_media":2802,"comment_status":"open","ping_status":"open","sticky":false,"template":"","format":"standard","meta":{"footnotes":""},"categories":[3],"tags":[],"class_list":["post-2799","post","type-post","status-publish","format-standard","has-post-thumbnail","hentry","category-noticias"],"_links":{"self":[{"href":"https:\/\/autoconsumo.minenergia.cl\/index.php?rest_route=\/wp\/v2\/posts\/2799","targetHints":{"allow":["GET"]}}],"collection":[{"href":"https:\/\/autoconsumo.minenergia.cl\/index.php?rest_route=\/wp\/v2\/posts"}],"about":[{"href":"https:\/\/autoconsumo.minenergia.cl\/index.php?rest_route=\/wp\/v2\/types\/post"}],"author":[{"embeddable":true,"href":"https:\/\/autoconsumo.minenergia.cl\/index.php?rest_route=\/wp\/v2\/users\/3"}],"replies":[{"embeddable":true,"href":"https:\/\/autoconsumo.minenergia.cl\/index.php?rest_route=%2Fwp%2Fv2%2Fcomments&post=2799"}],"version-history":[{"count":2,"href":"https:\/\/autoconsumo.minenergia.cl\/index.php?rest_route=\/wp\/v2\/posts\/2799\/revisions"}],"predecessor-version":[{"id":2803,"href":"https:\/\/autoconsumo.minenergia.cl\/index.php?rest_route=\/wp\/v2\/posts\/2799\/revisions\/2803"}],"wp:featuredmedia":[{"embeddable":true,"href":"https:\/\/autoconsumo.minenergia.cl\/index.php?rest_route=\/wp\/v2\/media\/2802"}],"wp:attachment":[{"href":"https:\/\/autoconsumo.minenergia.cl\/index.php?rest_route=%2Fwp%2Fv2%2Fmedia&parent=2799"}],"wp:term":[{"taxonomy":"category","embeddable":true,"href":"https:\/\/autoconsumo.minenergia.cl\/index.php?rest_route=%2Fwp%2Fv2%2Fcategories&post=2799"},{"taxonomy":"post_tag","embeddable":true,"href":"https:\/\/autoconsumo.minenergia.cl\/index.php?rest_route=%2Fwp%2Fv2%2Ftags&post=2799"}],"curies":[{"name":"wp","href":"https:\/\/api.w.org\/{rel}","templated":true}]}}