{"id":2816,"date":"2019-05-08T13:46:26","date_gmt":"2019-05-08T13:46:26","guid":{"rendered":"http:\/\/www.minenergia.cl\/autoconsumo\/?p=2816"},"modified":"2019-05-08T13:46:35","modified_gmt":"2019-05-08T13:46:35","slug":"destacan-trabajo-de-obras-portuarias-del-mop-para-incorporar-energias-renovables","status":"publish","type":"post","link":"https:\/\/autoconsumo.minenergia.cl\/?p=2816","title":{"rendered":"Destacan trabajo de Obras Portuarias del MOP para incorporar Energ\u00edas Renovables"},"content":{"rendered":"<p><img loading=\"lazy\" decoding=\"async\" class=\"alignnone size-full wp-image-2817\" src=\"https:\/\/autoconsumo.minenergia.cl\/wp-content\/uploads\/2019\/05\/mop.jpg\" alt=\"\" width=\"544\" height=\"324\" srcset=\"https:\/\/autoconsumo.minenergia.cl\/wp-content\/uploads\/2019\/05\/mop.jpg 544w, https:\/\/autoconsumo.minenergia.cl\/wp-content\/uploads\/2019\/05\/mop-300x179.jpg 300w\" sizes=\"auto, (max-width: 544px) 100vw, 544px\" \/><\/p>\n<p>Autoridades regionales de Gobierno llegaron hasta el sector de Playa Bellavista para destacar el trabajo desarrollado por la Direcci\u00f3n de Obras Portuarias del MOP al incorporar Energ\u00edas Renovables No Convencionales (ERNC) en sus proyectos de recuperaci\u00f3n del borde costero en Tarapac\u00e1.<u><\/u><u><\/u><\/p>\n<p>El lugar de encuentro fue el punto de carga para celulares ubicado a un costado de la Intendencia Regional, el cual es abastecido con energ\u00eda solar y que forma parte de un ambicioso plan del MOP para dotar de esta tecnolog\u00eda amigable con el medioambiente en todo el litoral.<u><\/u><u><\/u><\/p>\n<p>Estuvieron presentes el gobernador de la Provincia de Iquique, \u00c1lvaro Jofr\u00e9 C\u00e1ceres; los seremis de Energ\u00eda y Obras P\u00fablicas, Ximena Cancino Cepeda y Patricio Altermatt Selam\u00e9, respectivamente, y director de Obras Portuarias, Julio P\u00e9rez Rubio.<u><\/u><u><\/u><\/p>\n<p>El gobernador \u00c1lvaro Jofr\u00e9 junto con destacar la iniciativa del MOP por promover la ERNC llam\u00f3 a la comunidad a cuidar esta nueva infraestructura \u201cporque es relevante la actuaci\u00f3n de la gente en el buen uso de estos equipos que acercan las nuevas tecnolog\u00edas al estar instalados en lugares p\u00fablicos\u201d.<u><\/u><u><\/u><\/p>\n<p>Para la seremi de Energ\u00eda, Ximena Cancino, se\u00f1al\u00f3 que \u201ccontamos con el potencial para efectuar estas iniciativas que favorecen el desarrollo sustentable de Tarapac\u00e1, que aportan a enfrentar las consecuencias del cambio clim\u00e1tico y mejoran la calidad de vida de las personas en materia energ\u00eda, ya que pone a disposici\u00f3n y de forma gratuita estos puntos de carga de celulares en un lugar estrat\u00e9gico de la ciudad, y adem\u00e1s se abastecen con energ\u00eda proveniente del sol. Lo se\u00f1al\u00f3 el Presidente Sebasti\u00e1n Pi\u00f1era durante el lanzamiento de la COP25, la necesidad de poner un sentido de urgencia a medidas para afrontar los efectos del cambio clim\u00e1tico, y el uso de las ERNC son parte de las pol\u00edticas de mitigaci\u00f3n comprometidas por nuestro Gobierno\u201d.<u><\/u><u><\/u><\/p>\n<p>El seremi Patricio Altermatt indic\u00f3 que \u201cel compromiso del Ministerio de Obras P\u00fablicas es impulsar las Energ\u00edas Renovables No Convencionales en sus proyectos, que son mucho m\u00e1s limpias, por el bajo o nulo nivel de emisiones contaminantes y de gases de efecto invernadero y que contribuye sin duda al desarrollo sustentable y al cuidado del medio ambiente\u201d<u><\/u><u><\/u><\/p>\n<p>El director de Obras Portuarias, Julio P\u00e9rez, agreg\u00f3 que tambi\u00e9n se ha incorporado en los proyectos de borde costero soluciones de iluminaci\u00f3n led y de suministro el\u00e9ctrico originados por energ\u00eda solar en las obras que iniciar\u00e1n durante el mes de mayo en caleta Los Verdes y Pisagua.<u><\/u><u><\/u><\/p>\n<p>Adicionalmente, ya est\u00e1 disponible en caleta Caramucho una central fotovoltaica que genera su propia energ\u00eda el\u00e9ctrica y adem\u00e1s aporta al sistema de distribuci\u00f3n el\u00e9ctrica mediante el sistema \u201cOn Grid\u201d. \u201cEl sistema est\u00e1 compuesto por 22 paneles fotovoltaicos. Adem\u00e1s, los exteriores de la caleta son iluminados con 10 postes fotovoltaicos, con una potencia total de 5,94 KW en tres fases. Tambi\u00e9n existen iniciativas ERNC en las caletas Chipana, Chanavaya, Chanavayita y R\u00edo Seco, con luminaria led de bajo consumo,\u00a0alimentados por energ\u00eda solar y con sensores de movimiento que pasan del 40% de la iluminaci\u00f3n al 100% una vez que detectan alg\u00fan movimiento\u201d,\u00a0explic\u00f3.<\/p>\n<p>Fuente:<a href=\"http:\/\/www.diariolongino.cl\/destacan-trabajo-de-obras-portuarias-del-mop-para-incorporar-energias-renovables-no-convencionales\/\">\u00a0http:\/\/www.diariolongino.cl\/<\/a><\/p>\n","protected":false},"excerpt":{"rendered":"<p>Autoridades regionales de Gobierno llegaron hasta el sector de Playa Bellavista para destacar el trabajo desarrollado por la Direcci\u00f3n de Obras Portuarias del MOP al incorporar Energ\u00edas Renovables No Convencionales (ERNC) en sus proyectos de recuperaci\u00f3n del borde costero en Tarapac\u00e1. El lugar de encuentro fue el punto de carga para celulares ubicado a un [&hellip;]<\/p>\n","protected":false},"author":3,"featured_media":2817,"comment_status":"open","ping_status":"open","sticky":false,"template":"","format":"standard","meta":{"footnotes":""},"categories":[3],"tags":[],"class_list":["post-2816","post","type-post","status-publish","format-standard","has-post-thumbnail","hentry","category-noticias"],"_links":{"self":[{"href":"https:\/\/autoconsumo.minenergia.cl\/index.php?rest_route=\/wp\/v2\/posts\/2816","targetHints":{"allow":["GET"]}}],"collection":[{"href":"https:\/\/autoconsumo.minenergia.cl\/index.php?rest_route=\/wp\/v2\/posts"}],"about":[{"href":"https:\/\/autoconsumo.minenergia.cl\/index.php?rest_route=\/wp\/v2\/types\/post"}],"author":[{"embeddable":true,"href":"https:\/\/autoconsumo.minenergia.cl\/index.php?rest_route=\/wp\/v2\/users\/3"}],"replies":[{"embeddable":true,"href":"https:\/\/autoconsumo.minenergia.cl\/index.php?rest_route=%2Fwp%2Fv2%2Fcomments&post=2816"}],"version-history":[{"count":2,"href":"https:\/\/autoconsumo.minenergia.cl\/index.php?rest_route=\/wp\/v2\/posts\/2816\/revisions"}],"predecessor-version":[{"id":2819,"href":"https:\/\/autoconsumo.minenergia.cl\/index.php?rest_route=\/wp\/v2\/posts\/2816\/revisions\/2819"}],"wp:featuredmedia":[{"embeddable":true,"href":"https:\/\/autoconsumo.minenergia.cl\/index.php?rest_route=\/wp\/v2\/media\/2817"}],"wp:attachment":[{"href":"https:\/\/autoconsumo.minenergia.cl\/index.php?rest_route=%2Fwp%2Fv2%2Fmedia&parent=2816"}],"wp:term":[{"taxonomy":"category","embeddable":true,"href":"https:\/\/autoconsumo.minenergia.cl\/index.php?rest_route=%2Fwp%2Fv2%2Fcategories&post=2816"},{"taxonomy":"post_tag","embeddable":true,"href":"https:\/\/autoconsumo.minenergia.cl\/index.php?rest_route=%2Fwp%2Fv2%2Ftags&post=2816"}],"curies":[{"name":"wp","href":"https:\/\/api.w.org\/{rel}","templated":true}]}}