{"id":2820,"date":"2019-05-08T13:54:16","date_gmt":"2019-05-08T13:54:16","guid":{"rendered":"http:\/\/www.minenergia.cl\/autoconsumo\/?p=2820"},"modified":"2019-05-08T13:54:16","modified_gmt":"2019-05-08T13:54:16","slug":"club-deportivo-el-porvenir-contara-con-sistema-de-energia-solar-para-tener-agua-caliente-en-sus-camarines","status":"publish","type":"post","link":"https:\/\/autoconsumo.minenergia.cl\/?p=2820","title":{"rendered":"Club deportivo \u201cEl Porvenir\u201d contar\u00e1 con sistema de energ\u00eda solar para tener agua caliente en sus camarines"},"content":{"rendered":"<p><img loading=\"lazy\" decoding=\"async\" class=\"alignnone  wp-image-2821\" src=\"https:\/\/autoconsumo.minenergia.cl\/wp-content\/uploads\/2019\/05\/FAE_BANNER_2018.png\" alt=\"\" width=\"412\" height=\"133\" srcset=\"https:\/\/autoconsumo.minenergia.cl\/wp-content\/uploads\/2019\/05\/FAE_BANNER_2018.png 1490w, https:\/\/autoconsumo.minenergia.cl\/wp-content\/uploads\/2019\/05\/FAE_BANNER_2018-300x96.png 300w, https:\/\/autoconsumo.minenergia.cl\/wp-content\/uploads\/2019\/05\/FAE_BANNER_2018-768x247.png 768w, https:\/\/autoconsumo.minenergia.cl\/wp-content\/uploads\/2019\/05\/FAE_BANNER_2018-1024x329.png 1024w, https:\/\/autoconsumo.minenergia.cl\/wp-content\/uploads\/2019\/05\/FAE_BANNER_2018-660x212.png 660w\" sizes=\"auto, (max-width: 412px) 100vw, 412px\" \/><\/p>\n<p>Estamos en una \u00e9poca donde el uso de energ\u00edas renovables es una prioridad, especialmente por la grave contaminaci\u00f3n que generan los combustibles f\u00f3siles como el petr\u00f3leo y el carb\u00f3n.\u00a0 Por ello, el Estado ha creado fuentes de financiamiento para que distintas instituciones puedan contar con sistemas limpios y eficientes, lo que les permite adem\u00e1s ahorrar recursos en pago de cuentas de servicios b\u00e1sicos.<\/p>\n<p>Por esto, la Oficina de Medioambiente del municipio junto a los dirigentes del Club Deportivo \u201cEl Porvenir\u201d comenz\u00f3 a trabajar en un proyecto para dotar a sus camarines de un sistema de energ\u00eda que les permitiera contar con agua caliente. El Ministerio de Energ\u00eda realiz\u00f3 un llamado para el Fondo de Acceso a la Energ\u00eda \u201cFAE\u201d, para as\u00ed facilitar el mejoramiento o acceso a la energ\u00eda a organizaciones comunitarias en sectores rurales, aislados y\/o vulnerables a trav\u00e9s del financiamiento de proyectos que implementen sistemas energ\u00e9ticos a peque\u00f1a escala, teniendo como fuente principal el uso de energ\u00edas renovables.<\/p>\n<p>Debido al alto inter\u00e9s a nivel nacional por este tipo de iniciativas, el Ministerio de Energ\u00eda recibi\u00f3 488 postulaciones. Tras un exhaustivo proceso de verificaci\u00f3n t\u00e9cnica de las iniciativas, finalmente 66 resultaron elegibles para financiamientos, de las cuales solo 5 fueron seleccionadas en la Regi\u00f3n de Valpara\u00edso, siendo la iniciativa llaylla\u00edna una de las beneficiadas.<\/p>\n<p>\u201cEste es un proyecto que habla de nuestra capacidad t\u00e9cnica\u00a0 y mezcla dos elementos que son centrales en nuestra gesti\u00f3n y que tiene que ver con un lado con la actividad deportiva y potenciar el uso de energ\u00edas renovables. En este contexto hemos podido dotar de agua caliente y adem\u00e1s con energ\u00eda ecol\u00f3gica como la solar, a camarines de un club grande de nuestra comuna nos tiene muy orgullosos y contentos. Fuimos uno de los pocos proyectos seleccionados a nivel regional y da cuenta de nuestro trabajo. Estamos cumpliendo las metas y objetivos que nos hemos planteado como administraci\u00f3n\u201d, se\u00f1al\u00f3 el Alcalde Edgardo Gonz\u00e1lez Arancibia.<\/p>\n<p>Lo que financia este fondo es una soluci\u00f3n de energizaci\u00f3n a trav\u00e9s de un sistema solar t\u00e9rmico. Los beneficiarios podr\u00e1n obtener un sistema solar t\u00e9rmico de m\u00e1ximo 12 mts2 de colectores. Seg\u00fan los resultados de la evaluaci\u00f3n del concurso, el Ministerio de Energ\u00eda dimensionar\u00e1 los proyectos seleccionados y luego realizar\u00e1 una o varias licitaciones a trav\u00e9s de las cuales se proveer\u00e1n la soluci\u00f3n energ\u00e9tica adjudicada a este tradicional club deportivo. Durante los pr\u00f3ximos d\u00edas se suscribir\u00e1 el convenio de colaboraci\u00f3n entre la municipalidad y la Subsecretaria de Energ\u00eda.<\/p>\n<p>Fuente:\u00a0<a href=\"https:\/\/www.aconcaguadigital.cl\/club-deportivo-el-porvenir-contara-con-moderno-sistema-de-energia-solar-para-tener-agua-caliente-en-sus-camarines\/\">https:\/\/www.aconcaguadigital.cl<\/a><\/p>\n","protected":false},"excerpt":{"rendered":"<p>Estamos en una \u00e9poca donde el uso de energ\u00edas renovables es una prioridad, especialmente por la grave contaminaci\u00f3n que generan los combustibles f\u00f3siles como el petr\u00f3leo y el carb\u00f3n.\u00a0 Por ello, el Estado ha creado fuentes de financiamiento para que distintas instituciones puedan contar con sistemas limpios y eficientes, lo que les permite adem\u00e1s ahorrar [&hellip;]<\/p>\n","protected":false},"author":3,"featured_media":2821,"comment_status":"open","ping_status":"open","sticky":false,"template":"","format":"standard","meta":{"footnotes":""},"categories":[3],"tags":[],"class_list":["post-2820","post","type-post","status-publish","format-standard","has-post-thumbnail","hentry","category-noticias"],"_links":{"self":[{"href":"https:\/\/autoconsumo.minenergia.cl\/index.php?rest_route=\/wp\/v2\/posts\/2820","targetHints":{"allow":["GET"]}}],"collection":[{"href":"https:\/\/autoconsumo.minenergia.cl\/index.php?rest_route=\/wp\/v2\/posts"}],"about":[{"href":"https:\/\/autoconsumo.minenergia.cl\/index.php?rest_route=\/wp\/v2\/types\/post"}],"author":[{"embeddable":true,"href":"https:\/\/autoconsumo.minenergia.cl\/index.php?rest_route=\/wp\/v2\/users\/3"}],"replies":[{"embeddable":true,"href":"https:\/\/autoconsumo.minenergia.cl\/index.php?rest_route=%2Fwp%2Fv2%2Fcomments&post=2820"}],"version-history":[{"count":1,"href":"https:\/\/autoconsumo.minenergia.cl\/index.php?rest_route=\/wp\/v2\/posts\/2820\/revisions"}],"predecessor-version":[{"id":2822,"href":"https:\/\/autoconsumo.minenergia.cl\/index.php?rest_route=\/wp\/v2\/posts\/2820\/revisions\/2822"}],"wp:featuredmedia":[{"embeddable":true,"href":"https:\/\/autoconsumo.minenergia.cl\/index.php?rest_route=\/wp\/v2\/media\/2821"}],"wp:attachment":[{"href":"https:\/\/autoconsumo.minenergia.cl\/index.php?rest_route=%2Fwp%2Fv2%2Fmedia&parent=2820"}],"wp:term":[{"taxonomy":"category","embeddable":true,"href":"https:\/\/autoconsumo.minenergia.cl\/index.php?rest_route=%2Fwp%2Fv2%2Fcategories&post=2820"},{"taxonomy":"post_tag","embeddable":true,"href":"https:\/\/autoconsumo.minenergia.cl\/index.php?rest_route=%2Fwp%2Fv2%2Ftags&post=2820"}],"curies":[{"name":"wp","href":"https:\/\/api.w.org\/{rel}","templated":true}]}}