{"id":2823,"date":"2019-05-09T19:02:06","date_gmt":"2019-05-09T19:02:06","guid":{"rendered":"http:\/\/www.minenergia.cl\/autoconsumo\/?p=2823"},"modified":"2019-05-09T19:02:06","modified_gmt":"2019-05-09T19:02:06","slug":"primer-sistema-fotovoltaico-aplicado-a-invernaderos-supero-expectativas-de-generacion-electrica","status":"publish","type":"post","link":"https:\/\/autoconsumo.minenergia.cl\/?p=2823","title":{"rendered":"Primer sistema fotovoltaico aplicado a invernaderos super\u00f3 expectativas de generaci\u00f3n el\u00e9ctrica"},"content":{"rendered":"<p><img loading=\"lazy\" decoding=\"async\" class=\"alignnone  wp-image-2824\" src=\"https:\/\/autoconsumo.minenergia.cl\/wp-content\/uploads\/2019\/05\/fv-en-invernadero.jpg\" alt=\"\" width=\"772\" height=\"456\" srcset=\"https:\/\/autoconsumo.minenergia.cl\/wp-content\/uploads\/2019\/05\/fv-en-invernadero.jpg 1179w, https:\/\/autoconsumo.minenergia.cl\/wp-content\/uploads\/2019\/05\/fv-en-invernadero-300x177.jpg 300w, https:\/\/autoconsumo.minenergia.cl\/wp-content\/uploads\/2019\/05\/fv-en-invernadero-768x454.jpg 768w, https:\/\/autoconsumo.minenergia.cl\/wp-content\/uploads\/2019\/05\/fv-en-invernadero-1024x605.jpg 1024w, https:\/\/autoconsumo.minenergia.cl\/wp-content\/uploads\/2019\/05\/fv-en-invernadero-660x390.jpg 660w\" sizes=\"auto, (max-width: 772px) 100vw, 772px\" \/><\/p>\n<p>En terreno, recorriendo la planta fotovoltaica del Vivero de R\u00edo de Los Ciervos, los titulares regionales de Energ\u00eda, Nolberto S\u00e1ez, y de Agricultura, Alfonso Roux celebraron los auspiciosos resultados logrados en la generaci\u00f3n y distribuci\u00f3n de energ\u00eda solar en Magallanes.<\/p>\n<p>Hace poco m\u00e1s de un a\u00f1o, gracias a una alianza entre Agricultura y Energ\u00eda Agricultura se monitore\u00f3 el comportamiento de 31 paneles fotovoltaicos para energizar el vivero de Conaf ubicado en la afueras de Punta Arenas, con resultados auspiciosos para la regi\u00f3n, lo que permite proyectar este tipo de energ\u00eda como una alternativa eficiente y sostenible para generar electricidad, especialmente para el sector silvoagropecuario.<\/p>\n<p><strong>AUSPICIOSOS RESULTADOS<\/strong><\/p>\n<p>Tras sus primeros 14 meses\u00a0desde la puesta en marcha, el sistema fotovoltaico on grid ha superado todas las expectativas en cuanto a generaci\u00f3n de energ\u00eda el\u00e9ctrica, llegando incluso a niveles iguales o superiores de los medidos en ciudades como Valdivia o Puerto Montt.<\/p>\n<p>\u201cLa cantidad de energ\u00eda generada por la planta ha superado con creces los valores obtenidos en los simuladores de energ\u00eda m\u00e1s utilizados por la industria, superando en\u00a0<strong>un 20% lo pronosticado por el Explorador Solar del Ministerio de Energ\u00eda<\/strong>, y generando\u00a0<strong>m\u00e1s de un 50% que lo proyectado<\/strong>\u00a0previamente por los estudios de ingenier\u00eda a trav\u00e9s del software PVSYST que usa la base de datos de la NASA\u201d, explic\u00f3 el Ingeniero experto en ERNC de la Seremi de Energ\u00eda de Magallanes, Jorge Valdivia.<\/p>\n<p>La iniciativa, financiada en el marco del\u00a0Programa Transferencia de ERNC para el Sector Silvoagropecuario de la Seremi de Agricultura\u00a0y dise\u00f1ada por el Programa de Medidas y Proyectos de ERNC y Eficiencia Energ\u00e9tica de la Seremi de Energ\u00eda, han permitido generar ahorros del orden del\u00a0<strong>37% en las cuentas de electricidad<\/strong>\u00a0de este vivero y a la vez\u00a0<strong>aumentar los niveles de sustentabilidad\u00a0<\/strong>en la operaci\u00f3n de la planta, logrando reducir\u00a0<strong>9 toneladas de CO2 anuales.<\/strong><\/p>\n<p><strong>INVERNADERO EFICIENTE<\/strong><\/p>\n<p>\u201cLa operatividad que se ha logrado tiene el sello de la pol\u00edtica energ\u00e9tica del Gobierno del Presidente Sebasti\u00e1n Pi\u00f1era contenido en la Ruta Energ\u00e9tica 2018 \u2013 2022, la que apunta a incentivar el uso de las energ\u00edas renovables aprovechando la normativa vigente, como lo es la Ley de Generaci\u00f3n Distribuida y poder, de este modo inyectar los excedentes energ\u00e9ticos al sistema\u201d, dijo el Seremi de Energ\u00eda de Magallanes, Nolberto S\u00e1ez.<\/p>\n<p>S\u00e1ez agreg\u00f3 que para nuestra cartera, liderada por la ministra Susana Jim\u00e9nez, \u201ces muy importante mostrar la rentabilidad social que los servicios p\u00fablicos pueden obtener mediante energ\u00edas sostenibles; y no s\u00f3lo ellos, pues esta rentabilidad puede ser mayor para los privados que tengan bater\u00edas de acumulaci\u00f3n. Con este proyecto, queremos terminar con algunos prejuicios que dec\u00eda que la energ\u00eda fotovoltaica en Magallanes no ser\u00eda eficiente\u201d, concluy\u00f3 S\u00e1ez.<\/p>\n<p>El Seremi de Agricultura, Alfonso Roux, alab\u00f3 el proyecto porque \u201cestos resultados nos confirman que vamos en la direcci\u00f3n correcta con el Programa de Energ\u00edas Renovables para la agricultura sustentable en la regi\u00f3n de Magallanes. Una regi\u00f3n con caracter\u00edsticas especiales de aislamiento, lo cual viene a responder a las necesidades productivas y, consecuentemente, de mejoramiento de la calidad vida del mundo rural que es una de las tareas encomendadas por el ministro Walker. En definitiva, estamos sentando un auspicioso precedente sobre la aplicaci\u00f3n de esta fuentes de energ\u00edas sostenibles\u201d.<\/p>\n<p>Pese a que a\u00fan falta informaci\u00f3n para determinar si\u00a0se trata de un fen\u00f3meno puntal del a\u00f1o 2018, o a una condici\u00f3n general para la generaci\u00f3n fotovoltaica en la zona, ya se est\u00e1n realizando investigaciones necesarias para establecer posibles factores que influir\u00edan en este aumento en la generaci\u00f3n solar fotovoltaica con respecto a la proyecci\u00f3n de los simuladores, tales como por ejemplo, las bajas temperaturas\u00a0que permiten incrementar la eficiencia de conversi\u00f3n de las celdas que componen los paneles fotovoltaicos, y\/o las buenas condiciones de ventilaci\u00f3n producto de las brizas y viento constante del sector, que tambi\u00e9n reducir\u00edan la temperatura de las celdas y con ello producir\u00edan un incremento en el rendimiento de las mismas. En efecto, a la fecha, la tendencia muestra un comportamiento similar al del a\u00f1o pasado.<\/p>\n<p><strong>CIFRAS DEL VIVERO<\/strong><\/p>\n<p>\u00b7\u00a0\u00a0\u00a0\u00a0\u00a0\u00a0\u00a0\u00a0\u00a0<strong>123<\/strong>\u00a0mil (casi la capacidad m\u00e1xima) son las especies arb\u00f3reas (nativas y ex\u00f3ticas) que actualmente crecen en el vivero.<\/p>\n<p>\u00b7\u00a0\u00a0\u00a0\u00a0\u00a0\u00a0\u00a0\u00a0\u00a0<strong>3<\/strong>\u00a0programas desarrolla Agricultura Magallanes a trav\u00e9s de la Corporaci\u00f3n Nacional Forestal: Arborizaci\u00f3n Urbano, Germoplasma de especies nativas y restauraci\u00f3n de \u00e1reas da\u00f1adas por el castor.<\/p>\n<p>\u00b7\u00a0\u00a0\u00a0\u00a0\u00a0\u00a0\u00a0\u00a0\u00a0<strong>9<\/strong>\u00a0toneladas de CO2 al a\u00f1o se deja de producir gracias a esta tecnolog\u00eda sostenible.<\/p>\n<p>Fuente:<a href=\"http:\/\/www.radiopresidenteibanez.cl\/web\/primer-sistema-fotovoltaico-aplicado-a-invernaderos-supero-expectativas-de-generacion-electrica\/\">\u00a0http:\/\/www.radiopresidenteibanez.cl<\/a><\/p>\n","protected":false},"excerpt":{"rendered":"<p>En terreno, recorriendo la planta fotovoltaica del Vivero de R\u00edo de Los Ciervos, los titulares regionales de Energ\u00eda, Nolberto S\u00e1ez, y de Agricultura, Alfonso Roux celebraron los auspiciosos resultados logrados en la generaci\u00f3n y distribuci\u00f3n de energ\u00eda solar en Magallanes. Hace poco m\u00e1s de un a\u00f1o, gracias a una alianza entre Agricultura y Energ\u00eda Agricultura [&hellip;]<\/p>\n","protected":false},"author":3,"featured_media":2824,"comment_status":"open","ping_status":"open","sticky":false,"template":"","format":"standard","meta":{"footnotes":""},"categories":[3],"tags":[],"class_list":["post-2823","post","type-post","status-publish","format-standard","has-post-thumbnail","hentry","category-noticias"],"_links":{"self":[{"href":"https:\/\/autoconsumo.minenergia.cl\/index.php?rest_route=\/wp\/v2\/posts\/2823","targetHints":{"allow":["GET"]}}],"collection":[{"href":"https:\/\/autoconsumo.minenergia.cl\/index.php?rest_route=\/wp\/v2\/posts"}],"about":[{"href":"https:\/\/autoconsumo.minenergia.cl\/index.php?rest_route=\/wp\/v2\/types\/post"}],"author":[{"embeddable":true,"href":"https:\/\/autoconsumo.minenergia.cl\/index.php?rest_route=\/wp\/v2\/users\/3"}],"replies":[{"embeddable":true,"href":"https:\/\/autoconsumo.minenergia.cl\/index.php?rest_route=%2Fwp%2Fv2%2Fcomments&post=2823"}],"version-history":[{"count":1,"href":"https:\/\/autoconsumo.minenergia.cl\/index.php?rest_route=\/wp\/v2\/posts\/2823\/revisions"}],"predecessor-version":[{"id":2825,"href":"https:\/\/autoconsumo.minenergia.cl\/index.php?rest_route=\/wp\/v2\/posts\/2823\/revisions\/2825"}],"wp:featuredmedia":[{"embeddable":true,"href":"https:\/\/autoconsumo.minenergia.cl\/index.php?rest_route=\/wp\/v2\/media\/2824"}],"wp:attachment":[{"href":"https:\/\/autoconsumo.minenergia.cl\/index.php?rest_route=%2Fwp%2Fv2%2Fmedia&parent=2823"}],"wp:term":[{"taxonomy":"category","embeddable":true,"href":"https:\/\/autoconsumo.minenergia.cl\/index.php?rest_route=%2Fwp%2Fv2%2Fcategories&post=2823"},{"taxonomy":"post_tag","embeddable":true,"href":"https:\/\/autoconsumo.minenergia.cl\/index.php?rest_route=%2Fwp%2Fv2%2Ftags&post=2823"}],"curies":[{"name":"wp","href":"https:\/\/api.w.org\/{rel}","templated":true}]}}