{"id":2828,"date":"2019-05-24T15:35:35","date_gmt":"2019-05-24T15:35:35","guid":{"rendered":"http:\/\/www.minenergia.cl\/autoconsumo\/?p=2828"},"modified":"2019-05-24T15:36:59","modified_gmt":"2019-05-24T15:36:59","slug":"primer-club-de-musica-electronica-que-funcionara-con-energia-100-renovable","status":"publish","type":"post","link":"https:\/\/autoconsumo.minenergia.cl\/?p=2828","title":{"rendered":"Primer club de m\u00fasica electr\u00f3nica del mundo que funcionar\u00e1 con energ\u00eda 100% renovable"},"content":{"rendered":"<h4><img loading=\"lazy\" decoding=\"async\" class=\"alignnone size-full wp-image-2829\" src=\"https:\/\/autoconsumo.minenergia.cl\/wp-content\/uploads\/2019\/05\/la-feria.jpeg\" alt=\"\" width=\"1200\" height=\"500\" srcset=\"https:\/\/autoconsumo.minenergia.cl\/wp-content\/uploads\/2019\/05\/la-feria.jpeg 1200w, https:\/\/autoconsumo.minenergia.cl\/wp-content\/uploads\/2019\/05\/la-feria-300x125.jpeg 300w, https:\/\/autoconsumo.minenergia.cl\/wp-content\/uploads\/2019\/05\/la-feria-768x320.jpeg 768w, https:\/\/autoconsumo.minenergia.cl\/wp-content\/uploads\/2019\/05\/la-feria-1024x427.jpeg 1024w, https:\/\/autoconsumo.minenergia.cl\/wp-content\/uploads\/2019\/05\/la-feria-660x275.jpeg 660w\" sizes=\"auto, (max-width: 1200px) 100vw, 1200px\" \/><\/h4>\n<h4>El lanzamiento del gran proyecto \u201cBUDxLAFERIA RENOVABLE\u201d, tendr\u00e1 lugar el pr\u00f3ximo 30 de Mayo en el ic\u00f3nico club La Feria.<\/h4>\n<p>La Feria, el reconocido club de m\u00fasica electr\u00f3nica ubicado en el coraz\u00f3n del\u00a0<a href=\"https:\/\/www.radiozero.cl\/podcasts\/panoramas-de-fin-de-semana-en-santiago-adicto\/\">Barrio Bellavista<\/a>\u00a0y que este a\u00f1o se posicion\u00f3 dentro del ranking Top 100 Clubs de la revista DJ Mag, se convertir\u00e1 en el primer centro nocturno del mundo co \u2013 creado con Budweiser que\u00a0<strong>funcionar\u00e1 en base a energ\u00eda 100% renovable.<\/strong><\/p>\n<p>La iniciativa conjunta de\u00a0<strong>Budweiser<\/strong>\u00a0y\u00a0<strong>Club La Feria<\/strong>, surge a partir de un compromiso de la marca a nivel mundial en temas de sustentabilidad: su producci\u00f3n global para el a\u00f1o 2025 s\u00f3lo utilizar\u00e1 energ\u00eda 100% limpia. Desde el a\u00f1o 2018, toda la cerveza Budweiser que se vende en el pa\u00eds ya es elaborada con energ\u00eda el\u00e9ctrica 100% renovable, proveniente de USA. A finales de este a\u00f1o, y tras la ampliaci\u00f3n de la cervecer\u00eda en Chile, ser\u00e1 producida localmente con energ\u00eda limpia.<\/p>\n<p>La marca hoy busca innovar, ir m\u00e1s all\u00e1 en un territorio que siempre les ha hecho sentido; la m\u00fasica. Fue all\u00ed cuando se juntaron con Fernando D\u00edaz y comenzaron a trabajar juntos el proyecto.<\/p>\n<p>El elemento mas innovador de este proyecto es la instalaci\u00f3n de 35 paneles de generaci\u00f3n fotovolt\u00e1ica en el club que producir\u00e1n promedio mensual 1.299 kWh de energ\u00eda, que cubre por sobre el 100% de lo que consume el club. Para entender el ahorro en consumo de energ\u00eda se estar\u00edan evitando la emisi\u00f3n anual de 6,51 toneladas de CO2.<\/p>\n<p>Desde la marca, aseguran que su labor es educar y motivar a sus consumidores a sumarse a este cambio.<\/p>\n<blockquote><p>\u201cEstamos felices y entusiasmados con la oportunidad de llevar este compromiso a todas las plataformas en donde vive nuestra cerveza, y es un orgullo poder combinar ambas plataformas y tener la oportunidad de hacerlo con nuestro socio de siempre, La Feria\u201d asegura Andr\u00e9s Chaveyriat, Gerente de Budweiser en Chile.<\/p><\/blockquote>\n<p>El a\u00f1o pasado, en el marco de Creamfields, ya hicieron el primer stage alimentado con\u00a0<strong>energ\u00eda 100% renovable<\/strong>. Pero la apuesta de la marca contin\u00faa, buscando ahora darle la opci\u00f3n a cada consumidor de elegir una nueva forma de disfrutar la m\u00fasica de forma consciente y amigable con el medio ambiente.<\/p>\n<p>Fuente:\u00a0<a href=\"https:\/\/www.radiozero.cl\/noticias\/actualidad\/2019\/05\/historico-se-inaugurara-en-chile-el-primer-club-en-el-mundo-de-musica-electronica-que-funcionara-con-energia-100-renovable\/\">https:\/\/www.radiozero.cl<\/a><\/p>\n","protected":false},"excerpt":{"rendered":"<p>El lanzamiento del gran proyecto \u201cBUDxLAFERIA RENOVABLE\u201d, tendr\u00e1 lugar el pr\u00f3ximo 30 de Mayo en el ic\u00f3nico club La Feria. La Feria, el reconocido club de m\u00fasica electr\u00f3nica ubicado en el coraz\u00f3n del\u00a0Barrio Bellavista\u00a0y que este a\u00f1o se posicion\u00f3 dentro del ranking Top 100 Clubs de la revista DJ Mag, se convertir\u00e1 en el primer [&hellip;]<\/p>\n","protected":false},"author":3,"featured_media":2829,"comment_status":"open","ping_status":"open","sticky":false,"template":"","format":"standard","meta":{"footnotes":""},"categories":[3],"tags":[],"class_list":["post-2828","post","type-post","status-publish","format-standard","has-post-thumbnail","hentry","category-noticias"],"_links":{"self":[{"href":"https:\/\/autoconsumo.minenergia.cl\/index.php?rest_route=\/wp\/v2\/posts\/2828","targetHints":{"allow":["GET"]}}],"collection":[{"href":"https:\/\/autoconsumo.minenergia.cl\/index.php?rest_route=\/wp\/v2\/posts"}],"about":[{"href":"https:\/\/autoconsumo.minenergia.cl\/index.php?rest_route=\/wp\/v2\/types\/post"}],"author":[{"embeddable":true,"href":"https:\/\/autoconsumo.minenergia.cl\/index.php?rest_route=\/wp\/v2\/users\/3"}],"replies":[{"embeddable":true,"href":"https:\/\/autoconsumo.minenergia.cl\/index.php?rest_route=%2Fwp%2Fv2%2Fcomments&post=2828"}],"version-history":[{"count":3,"href":"https:\/\/autoconsumo.minenergia.cl\/index.php?rest_route=\/wp\/v2\/posts\/2828\/revisions"}],"predecessor-version":[{"id":2832,"href":"https:\/\/autoconsumo.minenergia.cl\/index.php?rest_route=\/wp\/v2\/posts\/2828\/revisions\/2832"}],"wp:featuredmedia":[{"embeddable":true,"href":"https:\/\/autoconsumo.minenergia.cl\/index.php?rest_route=\/wp\/v2\/media\/2829"}],"wp:attachment":[{"href":"https:\/\/autoconsumo.minenergia.cl\/index.php?rest_route=%2Fwp%2Fv2%2Fmedia&parent=2828"}],"wp:term":[{"taxonomy":"category","embeddable":true,"href":"https:\/\/autoconsumo.minenergia.cl\/index.php?rest_route=%2Fwp%2Fv2%2Fcategories&post=2828"},{"taxonomy":"post_tag","embeddable":true,"href":"https:\/\/autoconsumo.minenergia.cl\/index.php?rest_route=%2Fwp%2Fv2%2Ftags&post=2828"}],"curies":[{"name":"wp","href":"https:\/\/api.w.org\/{rel}","templated":true}]}}