{"id":2835,"date":"2019-07-12T12:17:24","date_gmt":"2019-07-12T12:17:24","guid":{"rendered":"http:\/\/www.minenergia.cl\/autoconsumo\/?p=2835"},"modified":"2019-07-18T12:25:56","modified_gmt":"2019-07-18T12:25:56","slug":"ultimo-plazo-hasta-el-19-de-julio-se-puede-postular-al-programa-gestiona-energia-mipymes","status":"publish","type":"post","link":"https:\/\/autoconsumo.minenergia.cl\/?p=2835","title":{"rendered":"\u00daltimo plazo: Hasta el 19 de julio se puede postular al Programa Gestiona Energ\u00eda MiPyMEs"},"content":{"rendered":"<p><img loading=\"lazy\" decoding=\"async\" class=\"alignnone size-full wp-image-2836\" src=\"https:\/\/autoconsumo.minenergia.cl\/wp-content\/uploads\/2019\/07\/formato_web_seremi_1.jpg\" alt=\"\" width=\"960\" height=\"300\" srcset=\"https:\/\/autoconsumo.minenergia.cl\/wp-content\/uploads\/2019\/07\/formato_web_seremi_1.jpg 960w, https:\/\/autoconsumo.minenergia.cl\/wp-content\/uploads\/2019\/07\/formato_web_seremi_1-300x94.jpg 300w, https:\/\/autoconsumo.minenergia.cl\/wp-content\/uploads\/2019\/07\/formato_web_seremi_1-768x240.jpg 768w, https:\/\/autoconsumo.minenergia.cl\/wp-content\/uploads\/2019\/07\/formato_web_seremi_1-660x206.jpg 660w\" sizes=\"auto, (max-width: 960px) 100vw, 960px\" \/><\/p>\n<p><em>La seremi Kim-Fa Bondi inform\u00f3 que las postulaciones se pueden realizar de manera directa en\u00a0<a href=\"http:\/\/atencionciudadana.minenergia.cl\/\">http:\/\/atencionciudadana.minenergia.cl\/<\/a>\u00a0o bien, se pueden ingresar en formato impreso con un respaldo digital en las dependencias de la Secretar\u00eda Regional de Energ\u00eda en Copiap\u00f3.<\/em><\/p>\n<p class=\"rtejustify\">Una nueva y excepcional ampliaci\u00f3n de plazo para postular al Programa Gestiona Energ\u00eda MiPyMEs, inform\u00f3 la seremi del ramo en Atacama, Kim-Fa Bondi Hafon. De acuerdo a lo detallado por la autoridad, hasta el 19 de julio las micro y peque\u00f1as empresas podr\u00e1n solicitar el ingreso a la iniciativa, la cual les permitir\u00e1 adquirir conocimientos sobre eficiencia energ\u00e9tica y energ\u00edas renovables para el autoconsumo y, de este modo, experimentar importantes ahorros.<\/p>\n<p class=\"rtejustify\">\u201cDe manera excepcional se ha ampliado nuestro Programa Gestiona Energ\u00eda MiPyMEs hasta el 19 de julio; por lo tanto, invitamos a todas las micros y peque\u00f1as empresas a participar de esta iniciativa, a trav\u00e9s de la cual, como Ministerio de Energ\u00eda, vamos a entregar una capacitaci\u00f3n en eficiencia energ\u00e9tica orientada a las MIPyMEs y podr\u00e1n conocer la forma en que est\u00e1n \u00a0consumiendo la energ\u00eda y tambi\u00e9n, abaratar costos y, por esa v\u00eda, redistribuir aquellos ahorros en el mismo giro del negocio\u201d, explic\u00f3 Kim-Fa Bondi.<\/p>\n<p class=\"rtejustify\">En este sentido, la seremi ahond\u00f3 en el programa, se\u00f1alando que \u201cbusca la implementaci\u00f3n de sistemas de gesti\u00f3n del recurso energ\u00e9tico, a trav\u00e9s de la cooperaci\u00f3n p\u00fablico\u2013privada, lo que est\u00e1 en l\u00ednea con nuestra Ruta Energ\u00e9tica 2018-2022, impulsada por nuestro Presidente Sebasti\u00e1n Pi\u00f1era, donde el Ministerio de Energ\u00eda estableci\u00f3 que es clave el fomento de la eficiencia energ\u00e9tica y la promoci\u00f3n de la gesti\u00f3n de la energ\u00eda en los sectores de mayor consumo, como son la industria, la miner\u00eda o el transporte, as\u00ed como el fomento y competencia en el mercado de generaci\u00f3n distribuida y autoconsumo\u201d.<\/p>\n<p class=\"rtejustify\">Seg\u00fan lo expuesto por la secretaria regional, las postulaciones a Gestiona Energ\u00eda MiPyMEs se realizan directamente en la plataforma\u00a0<a href=\"http:\/\/atencionciudadana.minenergia.cl\/\">http:\/\/atencionciudadana.minenergia.cl\/<\/a>, aunque existe la opci\u00f3n de entregar la postulaci\u00f3n mediante formato impreso junto con un respaldo digital en CD o pendrive, en las oficinas de la SEREMI de Energ\u00eda, ubicada en O\u2019Higgins n\u00b0 281, Copiap\u00f3. Adem\u00e1s, la informaci\u00f3n se encuentra publicada en la p\u00e1gina web\u00a0<a href=\"http:\/\/www.gestionaenergia.cl\/mipymes\/programa-regional-micro-y-pequena-empresa\/\">http:\/\/www.gestionaenergia.cl\/mipymes\/programa-regional-micro-y-pequena-empresa\/<\/a>.<\/p>\n<p class=\"rtejustify\"><strong>REQUISITOS PARA POSTULAR<\/strong><\/p>\n<p class=\"rtejustify\">1.- Ser una micro o peque\u00f1a empresa, con ventas anuales inferiores a 25.000 UF.<\/p>\n<p class=\"rtejustify\">2.- Poseer un gasto energ\u00e9tico anual total superior a 2 millones de pesos, considerando electricidad, gasolina, petr\u00f3leo, gas natural, gas licuado, le\u00f1a, entre otros.<\/p>\n<p class=\"rtejustify\">3.- Tener iniciaci\u00f3n de actividades ante el Servicio de Impuestos Internos.<\/p>\n","protected":false},"excerpt":{"rendered":"<p>La seremi Kim-Fa Bondi inform\u00f3 que las postulaciones se pueden realizar de manera directa en\u00a0http:\/\/atencionciudadana.minenergia.cl\/\u00a0o bien, se pueden ingresar en formato impreso con un respaldo digital en las dependencias de la Secretar\u00eda Regional de Energ\u00eda en Copiap\u00f3. Una nueva y excepcional ampliaci\u00f3n de plazo para postular al Programa Gestiona Energ\u00eda MiPyMEs, inform\u00f3 la seremi del [&hellip;]<\/p>\n","protected":false},"author":3,"featured_media":2839,"comment_status":"open","ping_status":"open","sticky":false,"template":"","format":"standard","meta":{"footnotes":""},"categories":[3],"tags":[],"class_list":["post-2835","post","type-post","status-publish","format-standard","has-post-thumbnail","hentry","category-noticias"],"_links":{"self":[{"href":"https:\/\/autoconsumo.minenergia.cl\/index.php?rest_route=\/wp\/v2\/posts\/2835","targetHints":{"allow":["GET"]}}],"collection":[{"href":"https:\/\/autoconsumo.minenergia.cl\/index.php?rest_route=\/wp\/v2\/posts"}],"about":[{"href":"https:\/\/autoconsumo.minenergia.cl\/index.php?rest_route=\/wp\/v2\/types\/post"}],"author":[{"embeddable":true,"href":"https:\/\/autoconsumo.minenergia.cl\/index.php?rest_route=\/wp\/v2\/users\/3"}],"replies":[{"embeddable":true,"href":"https:\/\/autoconsumo.minenergia.cl\/index.php?rest_route=%2Fwp%2Fv2%2Fcomments&post=2835"}],"version-history":[{"count":1,"href":"https:\/\/autoconsumo.minenergia.cl\/index.php?rest_route=\/wp\/v2\/posts\/2835\/revisions"}],"predecessor-version":[{"id":2838,"href":"https:\/\/autoconsumo.minenergia.cl\/index.php?rest_route=\/wp\/v2\/posts\/2835\/revisions\/2838"}],"wp:featuredmedia":[{"embeddable":true,"href":"https:\/\/autoconsumo.minenergia.cl\/index.php?rest_route=\/wp\/v2\/media\/2839"}],"wp:attachment":[{"href":"https:\/\/autoconsumo.minenergia.cl\/index.php?rest_route=%2Fwp%2Fv2%2Fmedia&parent=2835"}],"wp:term":[{"taxonomy":"category","embeddable":true,"href":"https:\/\/autoconsumo.minenergia.cl\/index.php?rest_route=%2Fwp%2Fv2%2Fcategories&post=2835"},{"taxonomy":"post_tag","embeddable":true,"href":"https:\/\/autoconsumo.minenergia.cl\/index.php?rest_route=%2Fwp%2Fv2%2Ftags&post=2835"}],"curies":[{"name":"wp","href":"https:\/\/api.w.org\/{rel}","templated":true}]}}