{"id":2840,"date":"2019-07-24T14:24:28","date_gmt":"2019-07-24T14:24:28","guid":{"rendered":"http:\/\/www.minenergia.cl\/autoconsumo\/?p=2840"},"modified":"2019-07-24T14:24:53","modified_gmt":"2019-07-24T14:24:53","slug":"comienzo-de-talleres-regionales-del-programa-gestiona-energia-mipymes","status":"publish","type":"post","link":"https:\/\/autoconsumo.minenergia.cl\/?p=2840","title":{"rendered":"Comienzo de Talleres Regionales del Programa Gestiona Energ\u00eda MiPyMEs"},"content":{"rendered":"<p>En Puerto R\u00edo Tranquilo junto a empresarios del sector turismo se realiz\u00f3 el comienzo a nivel nacional del Programa del Ministerio de Energ\u00eda Gestiona Energ\u00eda MiPyMEs que tiene como finalidad que las micro, peque\u00f1as y medianas empresas hagan un uso eficiente de las fuentes energ\u00e9tica.<\/p>\n<p><img loading=\"lazy\" decoding=\"async\" class=\"alignnone wp-image-2841\" src=\"https:\/\/autoconsumo.minenergia.cl\/wp-content\/uploads\/2019\/07\/Rio-tranquilo-1.jpg\" alt=\"\" width=\"675\" height=\"506\" srcset=\"https:\/\/autoconsumo.minenergia.cl\/wp-content\/uploads\/2019\/07\/Rio-tranquilo-1.jpg 2048w, https:\/\/autoconsumo.minenergia.cl\/wp-content\/uploads\/2019\/07\/Rio-tranquilo-1-300x225.jpg 300w, https:\/\/autoconsumo.minenergia.cl\/wp-content\/uploads\/2019\/07\/Rio-tranquilo-1-768x576.jpg 768w, https:\/\/autoconsumo.minenergia.cl\/wp-content\/uploads\/2019\/07\/Rio-tranquilo-1-1024x768.jpg 1024w, https:\/\/autoconsumo.minenergia.cl\/wp-content\/uploads\/2019\/07\/Rio-tranquilo-1-660x495.jpg 660w\" sizes=\"auto, (max-width: 675px) 100vw, 675px\" \/><\/p>\n<p><img loading=\"lazy\" decoding=\"async\" class=\"alignnone wp-image-2842\" src=\"https:\/\/autoconsumo.minenergia.cl\/wp-content\/uploads\/2019\/07\/Rio-tranquilo-2.jpg\" alt=\"\" width=\"674\" height=\"505\" srcset=\"https:\/\/autoconsumo.minenergia.cl\/wp-content\/uploads\/2019\/07\/Rio-tranquilo-2.jpg 2048w, https:\/\/autoconsumo.minenergia.cl\/wp-content\/uploads\/2019\/07\/Rio-tranquilo-2-300x225.jpg 300w, https:\/\/autoconsumo.minenergia.cl\/wp-content\/uploads\/2019\/07\/Rio-tranquilo-2-768x576.jpg 768w, https:\/\/autoconsumo.minenergia.cl\/wp-content\/uploads\/2019\/07\/Rio-tranquilo-2-1024x768.jpg 1024w, https:\/\/autoconsumo.minenergia.cl\/wp-content\/uploads\/2019\/07\/Rio-tranquilo-2-660x495.jpg 660w\" sizes=\"auto, (max-width: 674px) 100vw, 674px\" \/><\/p>\n<p><img loading=\"lazy\" decoding=\"async\" class=\"alignnone wp-image-2843\" src=\"https:\/\/autoconsumo.minenergia.cl\/wp-content\/uploads\/2019\/07\/Rio-tranquilo-3.jpg\" alt=\"\" width=\"674\" height=\"506\" srcset=\"https:\/\/autoconsumo.minenergia.cl\/wp-content\/uploads\/2019\/07\/Rio-tranquilo-3.jpg 2048w, https:\/\/autoconsumo.minenergia.cl\/wp-content\/uploads\/2019\/07\/Rio-tranquilo-3-300x225.jpg 300w, https:\/\/autoconsumo.minenergia.cl\/wp-content\/uploads\/2019\/07\/Rio-tranquilo-3-768x576.jpg 768w, https:\/\/autoconsumo.minenergia.cl\/wp-content\/uploads\/2019\/07\/Rio-tranquilo-3-1024x768.jpg 1024w, https:\/\/autoconsumo.minenergia.cl\/wp-content\/uploads\/2019\/07\/Rio-tranquilo-3-660x495.jpg 660w\" sizes=\"auto, (max-width: 674px) 100vw, 674px\" \/><\/p>\n","protected":false},"excerpt":{"rendered":"<p>En Puerto R\u00edo Tranquilo junto a empresarios del sector turismo se realiz\u00f3 el comienzo a nivel nacional del Programa del Ministerio de Energ\u00eda Gestiona Energ\u00eda MiPyMEs que tiene como finalidad que las micro, peque\u00f1as y medianas empresas hagan un uso eficiente de las fuentes energ\u00e9tica.<\/p>\n","protected":false},"author":3,"featured_media":2841,"comment_status":"open","ping_status":"open","sticky":false,"template":"","format":"standard","meta":{"footnotes":""},"categories":[3],"tags":[],"class_list":["post-2840","post","type-post","status-publish","format-standard","has-post-thumbnail","hentry","category-noticias"],"_links":{"self":[{"href":"https:\/\/autoconsumo.minenergia.cl\/index.php?rest_route=\/wp\/v2\/posts\/2840","targetHints":{"allow":["GET"]}}],"collection":[{"href":"https:\/\/autoconsumo.minenergia.cl\/index.php?rest_route=\/wp\/v2\/posts"}],"about":[{"href":"https:\/\/autoconsumo.minenergia.cl\/index.php?rest_route=\/wp\/v2\/types\/post"}],"author":[{"embeddable":true,"href":"https:\/\/autoconsumo.minenergia.cl\/index.php?rest_route=\/wp\/v2\/users\/3"}],"replies":[{"embeddable":true,"href":"https:\/\/autoconsumo.minenergia.cl\/index.php?rest_route=%2Fwp%2Fv2%2Fcomments&post=2840"}],"version-history":[{"count":2,"href":"https:\/\/autoconsumo.minenergia.cl\/index.php?rest_route=\/wp\/v2\/posts\/2840\/revisions"}],"predecessor-version":[{"id":2846,"href":"https:\/\/autoconsumo.minenergia.cl\/index.php?rest_route=\/wp\/v2\/posts\/2840\/revisions\/2846"}],"wp:featuredmedia":[{"embeddable":true,"href":"https:\/\/autoconsumo.minenergia.cl\/index.php?rest_route=\/wp\/v2\/media\/2841"}],"wp:attachment":[{"href":"https:\/\/autoconsumo.minenergia.cl\/index.php?rest_route=%2Fwp%2Fv2%2Fmedia&parent=2840"}],"wp:term":[{"taxonomy":"category","embeddable":true,"href":"https:\/\/autoconsumo.minenergia.cl\/index.php?rest_route=%2Fwp%2Fv2%2Fcategories&post=2840"},{"taxonomy":"post_tag","embeddable":true,"href":"https:\/\/autoconsumo.minenergia.cl\/index.php?rest_route=%2Fwp%2Fv2%2Ftags&post=2840"}],"curies":[{"name":"wp","href":"https:\/\/api.w.org\/{rel}","templated":true}]}}