{"id":2848,"date":"2019-08-01T14:30:37","date_gmt":"2019-08-01T14:30:37","guid":{"rendered":"http:\/\/www.minenergia.cl\/autoconsumo\/?p=2848"},"modified":"2019-08-01T14:30:37","modified_gmt":"2019-08-01T14:30:37","slug":"en-puerto-tranquilo-se-inicio-a-nivel-pais-el-programa-gestiona-energia-mipymes","status":"publish","type":"post","link":"https:\/\/autoconsumo.minenergia.cl\/?p=2848","title":{"rendered":"En Puerto Tranquilo se inici\u00f3 a nivel pa\u00eds el Programa Gestiona Energ\u00eda MiPyMEs"},"content":{"rendered":"<p><img loading=\"lazy\" decoding=\"async\" class=\"alignnone  wp-image-2849\" src=\"https:\/\/autoconsumo.minenergia.cl\/wp-content\/uploads\/2019\/08\/Rio-Tranquilo.jpg\" alt=\"\" width=\"858\" height=\"780\" srcset=\"https:\/\/autoconsumo.minenergia.cl\/wp-content\/uploads\/2019\/08\/Rio-Tranquilo.jpg 1063w, https:\/\/autoconsumo.minenergia.cl\/wp-content\/uploads\/2019\/08\/Rio-Tranquilo-300x273.jpg 300w, https:\/\/autoconsumo.minenergia.cl\/wp-content\/uploads\/2019\/08\/Rio-Tranquilo-768x698.jpg 768w, https:\/\/autoconsumo.minenergia.cl\/wp-content\/uploads\/2019\/08\/Rio-Tranquilo-1024x931.jpg 1024w, https:\/\/autoconsumo.minenergia.cl\/wp-content\/uploads\/2019\/08\/Rio-Tranquilo-660x600.jpg 660w\" sizes=\"auto, (max-width: 858px) 100vw, 858px\" \/><\/p>\n<p>Puerto Tranquilo-. Con la participaci\u00f3n de 18 empresas de las comunas de Ays\u00e9n, Chile Chico, Cochrane, Coyhaique y R\u00edo Ib\u00e1\u00f1ez, se desarroll\u00f3 en la localidad de Puerto R\u00edo Tranquilo el primer m\u00f3dulo de capacitaci\u00f3n del Programa Gestiona Energ\u00eda MiPyMEs 2019, iniciativa del\u00a0<b>Ministerio<\/b>\u00a0<b>de<\/b>\u00a0<b>Energ\u00eda<\/b>\u00a0y la Agencia de Sostenibilidad Energ\u00e9tica que tiene como finalidad apoyar la implementaci\u00f3n de proyectos de eficiencia energ\u00e9tica y energ\u00edas renovables para autoconsumo en los sectores productivo y servicios.<\/p>\n<p>Al respecto, el\u00a0<b>Seremi<\/b>\u00a0<b>de<\/b>\u00a0<b>Energ\u00eda<\/b>\u00a0de Ays\u00e9n Juan Luis Amen\u00e1bar se\u00f1al\u00f3 que \u201cpara el Gobierno impulsar la eficiencia energ\u00e9tica es una prioridad. En ese sentido, queremos apoyar a las micro, peque\u00f1as y medianas empresas de nuestra regi\u00f3n para que puedan implementar medidas de gesti\u00f3n energ\u00e9tica y as\u00ed logren mejorar su productividad, reducir sus gastos, y contribuir a tener una regi\u00f3n m\u00e1s sustentable. Estamos muy contentos de haber realizado el taller en la localidad de Puerto Tranquilo, donde tuvimos una muy buena recepci\u00f3n por parte de los participantes, sobre todo en el taller pr\u00e1ctico, donde presentamos nuestra plataforma de Potencial de Eficiencia Energ\u00e9tica y Gesti\u00f3n de la Energ\u00eda\u201d. En este primer m\u00f3dulo los participantes adquirieron conocimientos sobre eficiencia energ\u00e9tica, monitoreo de cuentas y selecci\u00f3n tarifar\u00eda, diferenciaci\u00f3n de potencia o consumo, mercados energ\u00e9ticos, entre otros. Adem\u00e1s, la capacitaci\u00f3n contempl\u00f3 un trabajo pr\u00e1ctico con la plataforma www.gestionaenergia.cl\/mipymes\/ que permite que los participantes realicen un pre diagn\u00f3stico energ\u00e9tico de sus empresas.<\/p>\n<p>Miriam Chible, empresaria de Agroturismo Bah\u00eda Catalina Ltda, recalc\u00f3 que \u201cla verdad es que nos vamos muy contentos con este taller, ten\u00edamos muchas expectativas. En nuestro caso hemos incursionado fuertemente en el uso de energ\u00edas renovables no convencionales, contamos con nueve paneles fotovoltaicos y un sistema de bater\u00eda Off Grid. Estamos muy contentos de que se haya realizado esta actividad en Tranquilo, porque generalmente este tipo de capacitaciones se realizan en Coyhaique y en ese sentido varios de los presentes destacaron que se haga ac\u00e1, as\u00ed que muy agradecidos por esta actividad\u201d.<\/p>\n<p>Por su parte Francisco Croxatto de El Puesto Expediciones, indic\u00f3 que \u201cestamos muy contentos de participar en este curso de Gestiona Energ\u00eda, donde hemos podido revisar cada una de nuestras empresas y cu\u00e1les son nuestros principales consumos, y entender as\u00ed que tan sustentables somos. B\u00e1sicamente lo que esperamos es mejorar en eficiencia energ\u00e9tica, reducir costos y generar ahorros que nos permitan ser m\u00e1s eficientes\u201d. Cabe se\u00f1alar que en agosto de este a\u00f1o se desarrollar\u00e1 el segundo m\u00f3dulo del taller, que contar\u00e1 con la participaci\u00f3n de la Agencia Alemana para la Cooperaci\u00f3n Internacional GIZ. El taller tendr\u00e1 como tem\u00e1tica principal las energ\u00edas renovables, y se abordar\u00e1n contenidos como: Ley de Generaci\u00f3n Distribuida, ejemplos para el autoconsumo, formas de financiamiento, y una visita t\u00e9cnica a un proyecto. Al t\u00e9rmino de este m\u00f3dulo, los beneficiarios recibir\u00e1n un certificado por su participaci\u00f3n en Gestiona Energ\u00eda MiPyMEs 2019 y una asesor\u00eda de Diagn\u00f3stico Energ\u00e9tico por parte de la Agencia de Sostenibilidad Energ\u00e9tica. Finalmente, recalcar que todas las empresas que est\u00e9n interesadas por participar en este programa, deber\u00e1n estar atentas ya que durante el segundo semestre el\u00a0<b>Ministerio<\/b>\u00a0<b>de<\/b>\u00a0<b>Energ\u00eda<\/b>\u00a0realizar\u00e1 un nuevo llamado. Etiquetas Puerto Tranquilo Energ\u00eda<\/p>\n<p>Fuente:<a href=\"https:\/\/www.eldivisadero.cl\/noticia-53151\"> https:\/\/www.eldivisadero.cl<\/a><\/p>\n","protected":false},"excerpt":{"rendered":"<p>Puerto Tranquilo-. Con la participaci\u00f3n de 18 empresas de las comunas de Ays\u00e9n, Chile Chico, Cochrane, Coyhaique y R\u00edo Ib\u00e1\u00f1ez, se desarroll\u00f3 en la localidad de Puerto R\u00edo Tranquilo el primer m\u00f3dulo de capacitaci\u00f3n del Programa Gestiona Energ\u00eda MiPyMEs 2019, iniciativa del\u00a0Ministerio\u00a0de\u00a0Energ\u00eda\u00a0y la Agencia de Sostenibilidad Energ\u00e9tica que tiene como finalidad apoyar la implementaci\u00f3n de [&hellip;]<\/p>\n","protected":false},"author":3,"featured_media":2849,"comment_status":"open","ping_status":"open","sticky":false,"template":"","format":"standard","meta":{"footnotes":""},"categories":[3],"tags":[],"class_list":["post-2848","post","type-post","status-publish","format-standard","has-post-thumbnail","hentry","category-noticias"],"_links":{"self":[{"href":"https:\/\/autoconsumo.minenergia.cl\/index.php?rest_route=\/wp\/v2\/posts\/2848","targetHints":{"allow":["GET"]}}],"collection":[{"href":"https:\/\/autoconsumo.minenergia.cl\/index.php?rest_route=\/wp\/v2\/posts"}],"about":[{"href":"https:\/\/autoconsumo.minenergia.cl\/index.php?rest_route=\/wp\/v2\/types\/post"}],"author":[{"embeddable":true,"href":"https:\/\/autoconsumo.minenergia.cl\/index.php?rest_route=\/wp\/v2\/users\/3"}],"replies":[{"embeddable":true,"href":"https:\/\/autoconsumo.minenergia.cl\/index.php?rest_route=%2Fwp%2Fv2%2Fcomments&post=2848"}],"version-history":[{"count":1,"href":"https:\/\/autoconsumo.minenergia.cl\/index.php?rest_route=\/wp\/v2\/posts\/2848\/revisions"}],"predecessor-version":[{"id":2850,"href":"https:\/\/autoconsumo.minenergia.cl\/index.php?rest_route=\/wp\/v2\/posts\/2848\/revisions\/2850"}],"wp:featuredmedia":[{"embeddable":true,"href":"https:\/\/autoconsumo.minenergia.cl\/index.php?rest_route=\/wp\/v2\/media\/2849"}],"wp:attachment":[{"href":"https:\/\/autoconsumo.minenergia.cl\/index.php?rest_route=%2Fwp%2Fv2%2Fmedia&parent=2848"}],"wp:term":[{"taxonomy":"category","embeddable":true,"href":"https:\/\/autoconsumo.minenergia.cl\/index.php?rest_route=%2Fwp%2Fv2%2Fcategories&post=2848"},{"taxonomy":"post_tag","embeddable":true,"href":"https:\/\/autoconsumo.minenergia.cl\/index.php?rest_route=%2Fwp%2Fv2%2Ftags&post=2848"}],"curies":[{"name":"wp","href":"https:\/\/api.w.org\/{rel}","templated":true}]}}