{"id":2851,"date":"2019-08-07T13:09:43","date_gmt":"2019-08-07T13:09:43","guid":{"rendered":"http:\/\/www.minenergia.cl\/autoconsumo\/?p=2851"},"modified":"2019-08-07T13:09:43","modified_gmt":"2019-08-07T13:09:43","slug":"ministerio-de-energia-capacito-a-50-microempresarios-de-nuble-sobre-eficiencia-energetica-y-energias-renovables","status":"publish","type":"post","link":"https:\/\/autoconsumo.minenergia.cl\/?p=2851","title":{"rendered":"Ministerio de Energ\u00eda capacit\u00f3 a 50 microempresarios de \u00d1uble sobre Eficiencia Energ\u00e9tica y Energ\u00edas Renovables"},"content":{"rendered":"<p><img loading=\"lazy\" decoding=\"async\" class=\"alignnone size-full wp-image-2852\" src=\"https:\/\/autoconsumo.minenergia.cl\/wp-content\/uploads\/2019\/08\/gesitona-Chillan.jpg\" alt=\"\" width=\"640\" height=\"427\" srcset=\"https:\/\/autoconsumo.minenergia.cl\/wp-content\/uploads\/2019\/08\/gesitona-Chillan.jpg 640w, https:\/\/autoconsumo.minenergia.cl\/wp-content\/uploads\/2019\/08\/gesitona-Chillan-300x200.jpg 300w\" sizes=\"auto, (max-width: 640px) 100vw, 640px\" \/><\/p>\n<p>Con la finalidad de promover el buen uso de las fuentes energ\u00e9ticas en las micro y medianas empresas, el Ministerio de Energ\u00eda capacit\u00f3 a 50 emprendedores de la regi\u00f3n de \u00d1uble en materia de ahorro energ\u00e9tico, principalmente ense\u00f1\u00e1ndoles c\u00f3mo hacer sus negocios m\u00e1s eficientes, esto a trav\u00e9s del programa Gestiona Energ\u00eda mi Pyme.<\/p>\n<p>El Seremi de Energ\u00eda, Enrique Rivas, se\u00f1al\u00f3 que esta iniciativa apunta principalmente a la reducci\u00f3n de gastos energ\u00e9ticos para los emprendedores de la regi\u00f3n y al manejo eficiente de sus recursos.<\/p>\n<p>\u201cComo Ministerio de Energ\u00eda buscamos generar las condiciones para que las micro, peque\u00f1as y medianas empresas puedan implementar proyectos de eficiencia energ\u00e9tica y energ\u00edas renovables para autoconsumo, con el objetivo de aumentar su productividad y reducir su gasto de energ\u00eda\u201d, indic\u00f3 la autoridad regional, y agreg\u00f3: \u201cLa idea es fomentar la implementaci\u00f3n de estos proyectos, desde la entrega de conocimientos b\u00e1sicos sobre energ\u00eda hasta la proporci\u00f3n de diagn\u00f3sticos preliminares sobre medidas a implementar para que puedan realizar una correcta gesti\u00f3n de la energ\u00eda y hacer m\u00e1s eficientes sus procesos productivos\u201d.<\/p>\n<p>El programa busca entregar conocimientos b\u00e1sicos de energ\u00eda y las herramientas disponibles para que las empresas realicen gesti\u00f3n de la energ\u00eda y detecci\u00f3n de oportunidades de mejora, a trav\u00e9s de un taller de capacitaci\u00f3n presencial que, en \u00d1uble, convoc\u00f3 a 50 microempresarios.<\/p>\n<p>\u201cEstamos muy contentos por la convocatoria que tuvo este programa Gestiona Energ\u00eda mi Pyme, ya que en \u00d1uble el emprendimiento es fundamental para seguir desarroll\u00e1ndonos como regi\u00f3n, y si podemos, de alguna forma ayudarlos a mejorar sus negocios, nosotros felices\u201d, agreg\u00f3 el Seremi de Energ\u00eda.<\/p>\n<p>Una vez capacitado el participante de la empresa, \u00e9sta podr\u00e1 optar a un apoyo de la Agencia de Sostenibilidad Energ\u00e9tica para elaborar un diagn\u00f3stico m\u00e1s detallado (a partir de una revisi\u00f3n energ\u00e9tica de la empresa) que entrega recomendaciones sobre medidas de eficiencia energ\u00e9tica y energ\u00eda renovable a implementar, sus potenciales resultados, las medidas m\u00e1s relevantes para la empresa, recomendaciones de proveedores, implementadores y las herramientas de financiamientos disponibles para llevarlos a cabo.<\/p>\n<p>Fuente:\u00a0<a href=\"http:\/\/www.chillanonline.cl\/V5\/ministerio-de-energia-capacito-a-50-microempresarios-de-nuble-sobre-eficiencia-energetica\/\">http:\/\/www.chillanonline.cl<\/a><\/p>\n<p>&nbsp;<\/p>\n<p>&nbsp;<\/p>\n","protected":false},"excerpt":{"rendered":"<p>Con la finalidad de promover el buen uso de las fuentes energ\u00e9ticas en las micro y medianas empresas, el Ministerio de Energ\u00eda capacit\u00f3 a 50 emprendedores de la regi\u00f3n de \u00d1uble en materia de ahorro energ\u00e9tico, principalmente ense\u00f1\u00e1ndoles c\u00f3mo hacer sus negocios m\u00e1s eficientes, esto a trav\u00e9s del programa Gestiona Energ\u00eda mi Pyme. El Seremi [&hellip;]<\/p>\n","protected":false},"author":3,"featured_media":2852,"comment_status":"open","ping_status":"open","sticky":false,"template":"","format":"standard","meta":{"footnotes":""},"categories":[3],"tags":[],"class_list":["post-2851","post","type-post","status-publish","format-standard","has-post-thumbnail","hentry","category-noticias"],"_links":{"self":[{"href":"https:\/\/autoconsumo.minenergia.cl\/index.php?rest_route=\/wp\/v2\/posts\/2851","targetHints":{"allow":["GET"]}}],"collection":[{"href":"https:\/\/autoconsumo.minenergia.cl\/index.php?rest_route=\/wp\/v2\/posts"}],"about":[{"href":"https:\/\/autoconsumo.minenergia.cl\/index.php?rest_route=\/wp\/v2\/types\/post"}],"author":[{"embeddable":true,"href":"https:\/\/autoconsumo.minenergia.cl\/index.php?rest_route=\/wp\/v2\/users\/3"}],"replies":[{"embeddable":true,"href":"https:\/\/autoconsumo.minenergia.cl\/index.php?rest_route=%2Fwp%2Fv2%2Fcomments&post=2851"}],"version-history":[{"count":1,"href":"https:\/\/autoconsumo.minenergia.cl\/index.php?rest_route=\/wp\/v2\/posts\/2851\/revisions"}],"predecessor-version":[{"id":2853,"href":"https:\/\/autoconsumo.minenergia.cl\/index.php?rest_route=\/wp\/v2\/posts\/2851\/revisions\/2853"}],"wp:featuredmedia":[{"embeddable":true,"href":"https:\/\/autoconsumo.minenergia.cl\/index.php?rest_route=\/wp\/v2\/media\/2852"}],"wp:attachment":[{"href":"https:\/\/autoconsumo.minenergia.cl\/index.php?rest_route=%2Fwp%2Fv2%2Fmedia&parent=2851"}],"wp:term":[{"taxonomy":"category","embeddable":true,"href":"https:\/\/autoconsumo.minenergia.cl\/index.php?rest_route=%2Fwp%2Fv2%2Fcategories&post=2851"},{"taxonomy":"post_tag","embeddable":true,"href":"https:\/\/autoconsumo.minenergia.cl\/index.php?rest_route=%2Fwp%2Fv2%2Ftags&post=2851"}],"curies":[{"name":"wp","href":"https:\/\/api.w.org\/{rel}","templated":true}]}}