{"id":2864,"date":"2019-12-12T12:21:02","date_gmt":"2019-12-12T12:21:02","guid":{"rendered":"http:\/\/www.minenergia.cl\/autoconsumo\/?p=2864"},"modified":"2020-04-06T15:03:32","modified_gmt":"2020-04-06T15:03:32","slug":"agrivoltaico-proyecto-busca-mejorar-competitividad-de-agricultores-a-traves-de-energia-solar","status":"publish","type":"post","link":"https:\/\/autoconsumo.minenergia.cl\/?p=2864","title":{"rendered":"Agrivoltaico: Proyecto busca mejorar competitividad de agricultores a trav\u00e9s de energ\u00eda solar"},"content":{"rendered":"<p>Generar respuestas multidisciplinarias a problemas creados a ra\u00edz del cambio clim\u00e1tico, la sequ\u00eda y la necesidad de incrementar las producciones es cada vez m\u00e1s importante para la agoindustria.<\/p>\n<p>En ese contexto fue que se gener\u00f3 un proyecto Agrivoltaico. Realiza un doble uso de suelo, permitiendo generar electricidad con energ\u00eda solar y productos agr\u00edcolas en el mismo terreno; los que, adem\u00e1s, evitan golpes de calor.<\/p>\n<p>Patricia Gese, PV Project Engineer en el Centro de Tecnolog\u00edas para la Energ\u00eda Solar de Fraunhofer Chile se refiri\u00f3 a lo que est\u00e1 haciendo la empresa \u201cOasis de Lampa\u201d, la que se dedica a la producci\u00f3n de hortalizas gourmet y que est\u00e1 detr\u00e1s de la iniciativa.<\/p>\n<p>El objetivo de la empresa es disminuir sus costos de producci\u00f3n, mejorar la eficiencia energ\u00e9tica; y proteger de mejor forma las siembras y cultivos esta empresa agr\u00edcola a trav\u00e9s de este doble uso de suelo.<\/p>\n<p>\u201cEste tipo de tecnolog\u00eda pueden solucionar el nexo energ\u00eda \u2013 alimentos \u2013 agua, y permite usar recursos naturales como aire, tierra y agua de manera sustentable\u201d, explic\u00f3 Gese a PortalFrut\u00edcola.com.<\/p>\n<p>\u201cSi se integran plantas Agrivoltaicas en los terrenos agr\u00edcolas existentes, se puede evitar el cambio de \u00e1reas naturales a usos industriales\u201d, a\u00f1adi\u00f3.<\/p>\n<p>Afirm\u00f3 que, si se instalaran plantas Agrivoltaicas solamente en la superficie total cultivada con papa en Chile, se puede \u201cf\u00e1cilmente\u201d cubrir la demanda el\u00e9ctrica nacional proyectada en 2030.<\/p>\n<p>\u201cLas papas son cultivos que se ven beneficiada por la sombra y se puede aumentar la eficiencia como ya los estudios de Fraunhofer ISE en Alemania demostraron\u201d, enfatiz\u00f3.<\/p>\n<p>La PV Project Engineer se\u00f1al\u00f3 que, con una implementaci\u00f3n masiva de estas tecnolog\u00edas, los agricultores podr\u00edan mejorar su competitividad con el uso de energ\u00eda solar.<\/p>\n<p>\u201cProtegiendo a su vez los cultivos de los golpes del sol por la sombra que aportan los paneles solares. Resguardando adem\u00e1s de lluvias fuertes y granizos\u201d, destac\u00f3.<\/p>\n<p>De hecho, otro beneficio de la implementaci\u00f3n de este tipo de tecnolog\u00eda ser\u00eda que permite reducir el consumo de agua debido a una disminuci\u00f3n de la evaporaci\u00f3n; pudiendo implementar sistemas de riegos automatizados y tratamiento de agua suministrado con energ\u00eda solar.<\/p>\n<p>Agrivoltaico<br \/>\nEl concepto de Agrivoltaico naci\u00f3 en Europa donde ya existen conflictos en el uso de suelo entre energ\u00eda y alimentos, se\u00f1al\u00f3 Gese.<\/p>\n<p>\u201cAunque Chile tiene una superficie territorial de 75,6 millones hect\u00e1reas, se ve limitada la superficie agr\u00edcola con alta calidad de tierra. Especialmente en la Regi\u00f3n Metropolitana donde hay mayor densidad poblacional y relacionado a esto, una mayor demanda de energ\u00eda y alimentos\u201d.<\/p>\n<p>De acuerdo a Gese, en el contexto de altas emisiones de gases de efecto invernadero antropog\u00e9nicos y los impactos del cambio clim\u00e1tico en un sector vulnerable como el hortofrut\u00edcola; \u201cse necesita una reducci\u00f3n de emisiones de CO2 y una adaptaci\u00f3n a ese panorama\u201d.<\/p>\n<p>Sequ\u00eda<br \/>\nRespecto a las dificultades que genera la sequ\u00eda a la que actualmente se enfrenta la industria agr\u00edcola en Chile, Gese afirm\u00f3 que los equipos interdisciplinarios son claves.<\/p>\n<p>De acuerdo a ella, lo anterior permitir\u00eda desarrollar soluciones intersectoriales.<\/p>\n<p>Afirm\u00f3 que Agrivoltaico no solo hace un uso eficiente del terreno, sino que tambi\u00e9n permite usar el agua de forma m\u00e1s eficiente; mejorar las condiciones de crecimiento de los cultivos; lo que permite diversificarlos para mejorar la competitividad del agricultor bajo nuevos modelos de negocio.<\/p>\n<p>Fuente:\u00a0https:\/\/www.portalfruticola.com<\/p>\n","protected":false},"excerpt":{"rendered":"<p>Generar respuestas multidisciplinarias a problemas creados a ra\u00edz del cambio clim\u00e1tico, la sequ\u00eda y la necesidad de incrementar las producciones es cada vez m\u00e1s importante para la agoindustria. En ese contexto fue que se gener\u00f3 un proyecto Agrivoltaico. Realiza un doble uso de suelo, permitiendo generar electricidad con energ\u00eda solar y productos agr\u00edcolas en el [&hellip;]<\/p>\n","protected":false},"author":3,"featured_media":2865,"comment_status":"open","ping_status":"open","sticky":false,"template":"","format":"standard","meta":{"footnotes":""},"categories":[3],"tags":[],"class_list":["post-2864","post","type-post","status-publish","format-standard","has-post-thumbnail","hentry","category-noticias"],"_links":{"self":[{"href":"https:\/\/autoconsumo.minenergia.cl\/index.php?rest_route=\/wp\/v2\/posts\/2864","targetHints":{"allow":["GET"]}}],"collection":[{"href":"https:\/\/autoconsumo.minenergia.cl\/index.php?rest_route=\/wp\/v2\/posts"}],"about":[{"href":"https:\/\/autoconsumo.minenergia.cl\/index.php?rest_route=\/wp\/v2\/types\/post"}],"author":[{"embeddable":true,"href":"https:\/\/autoconsumo.minenergia.cl\/index.php?rest_route=\/wp\/v2\/users\/3"}],"replies":[{"embeddable":true,"href":"https:\/\/autoconsumo.minenergia.cl\/index.php?rest_route=%2Fwp%2Fv2%2Fcomments&post=2864"}],"version-history":[{"count":1,"href":"https:\/\/autoconsumo.minenergia.cl\/index.php?rest_route=\/wp\/v2\/posts\/2864\/revisions"}],"predecessor-version":[{"id":2866,"href":"https:\/\/autoconsumo.minenergia.cl\/index.php?rest_route=\/wp\/v2\/posts\/2864\/revisions\/2866"}],"wp:featuredmedia":[{"embeddable":true,"href":"https:\/\/autoconsumo.minenergia.cl\/index.php?rest_route=\/wp\/v2\/media\/2865"}],"wp:attachment":[{"href":"https:\/\/autoconsumo.minenergia.cl\/index.php?rest_route=%2Fwp%2Fv2%2Fmedia&parent=2864"}],"wp:term":[{"taxonomy":"category","embeddable":true,"href":"https:\/\/autoconsumo.minenergia.cl\/index.php?rest_route=%2Fwp%2Fv2%2Fcategories&post=2864"},{"taxonomy":"post_tag","embeddable":true,"href":"https:\/\/autoconsumo.minenergia.cl\/index.php?rest_route=%2Fwp%2Fv2%2Ftags&post=2864"}],"curies":[{"name":"wp","href":"https:\/\/api.w.org\/{rel}","templated":true}]}}