{"id":2906,"date":"2020-09-15T20:14:46","date_gmt":"2020-09-15T20:14:46","guid":{"rendered":"https:\/\/autoconsumo.minenergia.cl\/?p=2906"},"modified":"2020-10-13T12:55:27","modified_gmt":"2020-10-13T12:55:27","slug":"planta-solar-flotante-en-el-sector-agricola","status":"publish","type":"post","link":"https:\/\/autoconsumo.minenergia.cl\/?p=2906","title":{"rendered":"Sector Agr\u00edcola: Planta solar flotante m\u00e1s grande de Chile fue inaugurada en Putaendo"},"content":{"rendered":"<p><img loading=\"lazy\" decoding=\"async\" class=\"alignnone wp-image-2907\" src=\"https:\/\/autoconsumo.minenergia.cl\/wp-content\/uploads\/2020\/09\/planta-flotante-300x200.jpg\" alt=\"\" width=\"347\" height=\"231\" srcset=\"https:\/\/autoconsumo.minenergia.cl\/wp-content\/uploads\/2020\/09\/planta-flotante-300x200.jpg 300w, https:\/\/autoconsumo.minenergia.cl\/wp-content\/uploads\/2020\/09\/planta-flotante-768x512.jpg 768w, https:\/\/autoconsumo.minenergia.cl\/wp-content\/uploads\/2020\/09\/planta-flotante-1024x682.jpg 1024w, https:\/\/autoconsumo.minenergia.cl\/wp-content\/uploads\/2020\/09\/planta-flotante-660x440.jpg 660w, https:\/\/autoconsumo.minenergia.cl\/wp-content\/uploads\/2020\/09\/planta-flotante.jpg 1280w\" sizes=\"auto, (max-width: 347px) 100vw, 347px\" \/>\u00a0 \u00a0 \u00a0 \u00a0\u00a0<img loading=\"lazy\" decoding=\"async\" class=\"alignnone wp-image-2908\" src=\"https:\/\/autoconsumo.minenergia.cl\/wp-content\/uploads\/2020\/09\/Planta-solar-flotante-300x204.jpg\" alt=\"\" width=\"337\" height=\"229\" srcset=\"https:\/\/autoconsumo.minenergia.cl\/wp-content\/uploads\/2020\/09\/Planta-solar-flotante-300x204.jpg 300w, https:\/\/autoconsumo.minenergia.cl\/wp-content\/uploads\/2020\/09\/Planta-solar-flotante-660x449.jpg 660w, https:\/\/autoconsumo.minenergia.cl\/wp-content\/uploads\/2020\/09\/Planta-solar-flotante.jpg 750w\" sizes=\"auto, (max-width: 337px) 100vw, 337px\" \/><\/p>\n<p><strong>Se inaugura planta solar flotante m\u00e1s grande de Chile<\/strong><\/p>\n<p>Una isla con 456 paneles fotovoltaicos, componen la planta solar flotante m\u00e1s grande de Chile, conectada a la red de distribuci\u00f3n bajo la ley de netbilling, iniciativa de generaci\u00f3n distribuida que esta ma\u00f1ana inaugur\u00f3 el Ministro de Energ\u00eda Juan Carlos Jobet, junto a Claudio Rodr\u00edguez, Gobernador de la Provincia de San Felipe; Sergio Zamora, Alcalde de Putaendo y a Fernanda Pinochet, Seremi Energ\u00eda, Regi\u00f3n de Valpara\u00edso.<\/p>\n<p>El proyecto, desarrollado por la empresa chilena Solarity, se emplaza sobre 1.500 metros cuadrados del tranque de la agr\u00edcola Mataquito- Hortifrut, permitiendo abastecer el 100% de sus necesidades energ\u00e9ticas.<\/p>\n<p>El Ministro de Energ\u00eda, Juan Carlos Jobet, explic\u00f3 que los proyectos de generaci\u00f3n distribuida como el que estamos inaugurando, han tenido un importante desarrollo en el pa\u00eds, ya que permite a personas naturales, peque\u00f1o comercio y empresas, producir -en base a energ\u00edas renovables- electricidad para su consumo y reinyectar al sistema lo que no usan. Esto trae un beneficio directo al presupuesto\u201d.<\/p>\n<p>Destac\u00f3, adem\u00e1s que \u201choy hemos logrado cuadriplicar nuestra capacidad, alcanzando los 64 MW, lo que equivale al consumo anual de 51 mil hogares. Es decir, el consumo de comunas como Estaci\u00f3n Central o Talcahuano. En cuanto a la potencia instalada es la suficiente para prender 4 millones y medio de ampolletas LED de 14 W. Pero<\/p>\n<p>tambi\u00e9n, son un aporte al medio ambiente, ya que permite desplazar 50 mil toneladas de CO2 anuales\u201d.<\/p>\n<p><strong>Proyecto Innovador<\/strong><\/p>\n<p>Producir energ\u00eda limpia, no es el \u00fanico beneficio de esta tecnolog\u00eda. Adem\u00e1s, ayuda a reducir las emisiones de CO2; disminuye la tasa de evaporaci\u00f3n de agua; y aumenta la eficiencia de los paneles fotovoltaicos.<\/p>\n<p>Jos\u00e9 Luis Carvallo, Gerente de Solarity -empresa que adem\u00e1s del financiamiento y construcci\u00f3n de la planta, se encargan de la operacio\u0301n y mantenimiento- destac\u00f3 que \u201cestamos generando energ\u00eda limpia, eficiente y a bajo costo para entregar la mejor fruta desde Chile al mundo. Con esta nueva planta flotante de Hortifrut, avanzamos en nuestra misi\u00f3n de entregar la energ\u00eda solar para las empresas, bajo un modelo donde la inversi\u00f3n, operaci\u00f3n y mantenimiento corren por cuenta nuestra\u201d.<\/p>\n<p>En tanto, Juan Ignacio Allende, gerente general Corporativo de Hortifrut, se\u00f1al\u00f3 que \u201cesta es la primera planta fotovoltaica flotante de Chile conectada a la red el\u00e9ctrica y es la octava planta solar activa instalada en las diferentes operaciones de Hortifrut Chile. Tenemos el compromiso con el medio ambiente y las comunidades, de seguir avanzando en el desarrollo e implementaci\u00f3n de energ\u00edas renovables en nuestros campos, a lo largo de todo el pa\u00eds, para reemplazar al menos el 50% de la energ\u00eda que actualmente utilizamos\u201d.<\/p>\n<p>La generaci\u00f3n de la planta equivale al consumo de el\u00e9ctrico mensual de 116 viviendas, considerando que el consumo promedio de un hogar corresponde a 180 Kwh\/mes. En cuanto a la reducci\u00f3n de CO2, es igual al recorrido promedio anual de 56 veh\u00edculos a combusti\u00f3n o la captura de 3,3 hect\u00e1reas de bosque.<\/p>\n<p><strong>En el \u00faltimo tiempo las plantas fotovoltaicas flotantes se han desarrollado en otros pa\u00edses como Jap\u00f3n, Francia o China -que posee la m\u00e1s grande del mundo- transform\u00e1ndose en una alternativa a la falta de terreno. Esto \u00faltimo supone un crecimiento exponencial de esta tecnolog\u00eda durante los pr\u00f3ximos a\u00f1os.<\/strong><\/p>\n<p>&nbsp;<\/p>\n<p>Fuente:\u00a0<a href=\"https:\/\/energia.gob.cl\/noticias\/nacional\/ministro-de-energia-inaugura-planta-solar-flotante-mas-grande-de-chile\" target=\"_blank\" rel=\"noopener noreferrer\">https:\/\/energia.gob.cl\/<\/a><\/p>\n","protected":false},"excerpt":{"rendered":"<p>\u00a0 \u00a0 \u00a0 \u00a0\u00a0 Se inaugura planta solar flotante m\u00e1s grande de Chile Una isla con 456 paneles fotovoltaicos, componen la planta solar flotante m\u00e1s grande de Chile, conectada a la red de distribuci\u00f3n bajo la ley de netbilling, iniciativa de generaci\u00f3n distribuida que esta ma\u00f1ana inaugur\u00f3 el Ministro de Energ\u00eda Juan Carlos Jobet, junto [&hellip;]<\/p>\n","protected":false},"author":3,"featured_media":2909,"comment_status":"open","ping_status":"open","sticky":false,"template":"","format":"standard","meta":{"footnotes":""},"categories":[3],"tags":[],"class_list":["post-2906","post","type-post","status-publish","format-standard","has-post-thumbnail","hentry","category-noticias"],"_links":{"self":[{"href":"https:\/\/autoconsumo.minenergia.cl\/index.php?rest_route=\/wp\/v2\/posts\/2906","targetHints":{"allow":["GET"]}}],"collection":[{"href":"https:\/\/autoconsumo.minenergia.cl\/index.php?rest_route=\/wp\/v2\/posts"}],"about":[{"href":"https:\/\/autoconsumo.minenergia.cl\/index.php?rest_route=\/wp\/v2\/types\/post"}],"author":[{"embeddable":true,"href":"https:\/\/autoconsumo.minenergia.cl\/index.php?rest_route=\/wp\/v2\/users\/3"}],"replies":[{"embeddable":true,"href":"https:\/\/autoconsumo.minenergia.cl\/index.php?rest_route=%2Fwp%2Fv2%2Fcomments&post=2906"}],"version-history":[{"count":6,"href":"https:\/\/autoconsumo.minenergia.cl\/index.php?rest_route=\/wp\/v2\/posts\/2906\/revisions"}],"predecessor-version":[{"id":2976,"href":"https:\/\/autoconsumo.minenergia.cl\/index.php?rest_route=\/wp\/v2\/posts\/2906\/revisions\/2976"}],"wp:featuredmedia":[{"embeddable":true,"href":"https:\/\/autoconsumo.minenergia.cl\/index.php?rest_route=\/wp\/v2\/media\/2909"}],"wp:attachment":[{"href":"https:\/\/autoconsumo.minenergia.cl\/index.php?rest_route=%2Fwp%2Fv2%2Fmedia&parent=2906"}],"wp:term":[{"taxonomy":"category","embeddable":true,"href":"https:\/\/autoconsumo.minenergia.cl\/index.php?rest_route=%2Fwp%2Fv2%2Fcategories&post=2906"},{"taxonomy":"post_tag","embeddable":true,"href":"https:\/\/autoconsumo.minenergia.cl\/index.php?rest_route=%2Fwp%2Fv2%2Ftags&post=2906"}],"curies":[{"name":"wp","href":"https:\/\/api.w.org\/{rel}","templated":true}]}}