{"id":2941,"date":"2020-09-23T15:16:16","date_gmt":"2020-09-23T15:16:16","guid":{"rendered":"https:\/\/autoconsumo.minenergia.cl\/?p=2941"},"modified":"2020-10-13T12:57:13","modified_gmt":"2020-10-13T12:57:13","slug":"microempresa-productora-de-frambuesas-de-loncoche-es-la-primera-en-adjudicarse-fondo-de-fomento-electrico-en-la-region","status":"publish","type":"post","link":"https:\/\/autoconsumo.minenergia.cl\/?p=2941","title":{"rendered":"Microempresa: Productora de frambuesa en Loncoche es la primera en adjudicarse fondo de fomento el\u00e9ctrico en la regi\u00f3n"},"content":{"rendered":"<p><img loading=\"lazy\" decoding=\"async\" class=\"wp-image-2942 alignnone\" src=\"https:\/\/autoconsumo.minenergia.cl\/wp-content\/uploads\/2020\/09\/Loncoche.png\" alt=\"\" width=\"723\" height=\"455\" srcset=\"https:\/\/autoconsumo.minenergia.cl\/wp-content\/uploads\/2020\/09\/Loncoche.png 889w, https:\/\/autoconsumo.minenergia.cl\/wp-content\/uploads\/2020\/09\/Loncoche-300x189.png 300w, https:\/\/autoconsumo.minenergia.cl\/wp-content\/uploads\/2020\/09\/Loncoche-768x484.png 768w, https:\/\/autoconsumo.minenergia.cl\/wp-content\/uploads\/2020\/09\/Loncoche-660x416.png 660w\" sizes=\"auto, (max-width: 723px) 100vw, 723px\" \/><\/p>\n<p>La microempresaria Ariela Raip\u00e1n de la comuna de Loncoche desde hace un par de a\u00f1os se dedica al cultivo y venta de frambuesas.<\/p>\n<p>Sus \u00a0tierras son generosas y muchas veces recolecta, junto a su marido, mucho m\u00e1s de lo que puede vender en la temporada alta. Los sistemas de fr\u00edo ayudan a la conservaci\u00f3n, en \u00f3ptimas condiciones del berry, aunque los costos en energ\u00eda el\u00e9ctrica se multiplican. A\u00f1os de esfuerzo se han trasformado en una c\u00e1mara a una temperatura adecuada, para almacenar la fruta cosechada en Huerto El Copihue<\/p>\n<p>En agosto y junto a otros dos empresarios regionales, recibieron la buena noticia. Fueron seleccionados por la Agencia de Sustentabilidad Energ\u00e9tica y el Ministerio de Energ\u00eda, como uno de los proyectos que recibir\u00e1 fondos de \u201cPonle Energ\u00eda a tu Pyme\u201d,\u00a0 que busca impulsar la econom\u00eda de las micro y peque\u00f1as empresas, pero tambi\u00e9n aquellas comerciales que venden art\u00edculos vinculados, como panales solares, termostatos, medidores, riegos, etc.<\/p>\n<p>\u201cEl costo de la electricidad es muy elevado y este proyecto nos permite bajar los costos, sobre todo porque somos una empresa muy peque\u00f1a\u201d, se\u00f1al\u00f3 Ariela.<\/p>\n<p>Erwin Gudenschwager, Seremi de Energ\u00eda\u00a0 expres\u00f3 que\u00a0 \u201cesto es un esfuerzo importante, fruto dela constancia. Les permite no depender de las condiciones del mercado, sino congelar y vender cuando las condiciones del mercado sean m\u00e1s favorables. Si a eso le agregamos eficiencia energ\u00e9tica\u00a0 pueden seguir avanzando y desarroll\u00e1ndose como empresa\u201d.<\/p>\n<p>Adem\u00e1s de los 3 millones que recibieron para la implementaci\u00f3n de paneles solares, otros dos beneficiarios, un hostal de Puc\u00f3n y una agropecuaria de Temuco recibir\u00e1n este beneficio en la regi\u00f3n, pudiendo, en la medida que se eval\u00faan los proyectos, incrementarse la cantidad de empresarios que le ponen energ\u00eda a sus micro, peque\u00f1as y medianas empresas.<\/p>\n<p>&nbsp;<\/p>\n<p>Fuente:\u00a0<a href=\"https:\/\/energia.gob.cl\/noticias\/la-araucania\/microempresa-de-loncoche-es-la-primera-en-adjudicarse-fondo-de-fomento-electrico-en-la-region\" target=\"_blank\" rel=\"noopener noreferrer\">https:\/\/energia.gob.cl\/<\/a><\/p>\n","protected":false},"excerpt":{"rendered":"<p>La microempresaria Ariela Raip\u00e1n de la comuna de Loncoche desde hace un par de a\u00f1os se dedica al cultivo y venta de frambuesas. Sus \u00a0tierras son generosas y muchas veces recolecta, junto a su marido, mucho m\u00e1s de lo que puede vender en la temporada alta. Los sistemas de fr\u00edo ayudan a la conservaci\u00f3n, en [&hellip;]<\/p>\n","protected":false},"author":3,"featured_media":2942,"comment_status":"open","ping_status":"open","sticky":false,"template":"","format":"standard","meta":{"footnotes":""},"categories":[3],"tags":[],"class_list":["post-2941","post","type-post","status-publish","format-standard","has-post-thumbnail","hentry","category-noticias"],"_links":{"self":[{"href":"https:\/\/autoconsumo.minenergia.cl\/index.php?rest_route=\/wp\/v2\/posts\/2941","targetHints":{"allow":["GET"]}}],"collection":[{"href":"https:\/\/autoconsumo.minenergia.cl\/index.php?rest_route=\/wp\/v2\/posts"}],"about":[{"href":"https:\/\/autoconsumo.minenergia.cl\/index.php?rest_route=\/wp\/v2\/types\/post"}],"author":[{"embeddable":true,"href":"https:\/\/autoconsumo.minenergia.cl\/index.php?rest_route=\/wp\/v2\/users\/3"}],"replies":[{"embeddable":true,"href":"https:\/\/autoconsumo.minenergia.cl\/index.php?rest_route=%2Fwp%2Fv2%2Fcomments&post=2941"}],"version-history":[{"count":5,"href":"https:\/\/autoconsumo.minenergia.cl\/index.php?rest_route=\/wp\/v2\/posts\/2941\/revisions"}],"predecessor-version":[{"id":2977,"href":"https:\/\/autoconsumo.minenergia.cl\/index.php?rest_route=\/wp\/v2\/posts\/2941\/revisions\/2977"}],"wp:featuredmedia":[{"embeddable":true,"href":"https:\/\/autoconsumo.minenergia.cl\/index.php?rest_route=\/wp\/v2\/media\/2942"}],"wp:attachment":[{"href":"https:\/\/autoconsumo.minenergia.cl\/index.php?rest_route=%2Fwp%2Fv2%2Fmedia&parent=2941"}],"wp:term":[{"taxonomy":"category","embeddable":true,"href":"https:\/\/autoconsumo.minenergia.cl\/index.php?rest_route=%2Fwp%2Fv2%2Fcategories&post=2941"},{"taxonomy":"post_tag","embeddable":true,"href":"https:\/\/autoconsumo.minenergia.cl\/index.php?rest_route=%2Fwp%2Fv2%2Ftags&post=2941"}],"curies":[{"name":"wp","href":"https:\/\/api.w.org\/{rel}","templated":true}]}}