{"id":2947,"date":"2020-09-29T13:49:03","date_gmt":"2020-09-29T13:49:03","guid":{"rendered":"https:\/\/autoconsumo.minenergia.cl\/?p=2947"},"modified":"2020-10-13T12:59:27","modified_gmt":"2020-10-13T12:59:27","slug":"se-publica-reglamento-de-generacion-distribuida-para-autoconsumo","status":"publish","type":"post","link":"https:\/\/autoconsumo.minenergia.cl\/?p=2947","title":{"rendered":"Se publica reglamento de generaci\u00f3n distribuida para autoconsumo"},"content":{"rendered":"<p>Hoy se public\u00f3 en el Diario Oficial el reglamento de generaci\u00f3n distribuida para autoconsumo, el que introduce varias mejoras al sector, estableciendo reglas que permiten un desarrollo eficiente y\u00a0sostenible de los proyectos de peque\u00f1a escala, ajust\u00e1ndose a las disposiciones legales vigentes.<\/p>\n<p><img loading=\"lazy\" decoding=\"async\" class=\"wp-image-2948 alignright\" src=\"https:\/\/autoconsumo.minenergia.cl\/wp-content\/uploads\/2020\/09\/reglamento.jpg\" alt=\"\" width=\"466\" height=\"275\" srcset=\"https:\/\/autoconsumo.minenergia.cl\/wp-content\/uploads\/2020\/09\/reglamento.jpg 525w, https:\/\/autoconsumo.minenergia.cl\/wp-content\/uploads\/2020\/09\/reglamento-300x177.jpg 300w\" sizes=\"auto, (max-width: 466px) 100vw, 466px\" \/><\/p>\n<p>Al respecto, el\u00a0<strong>ministro de Energ\u00eda, Juan Carlos Jobet, destac\u00f3 que \u201ccuando tenemos el gran desaf\u00edo de reactivar la econom\u00eda de nuestro pa\u00eds, necesitamos\u00a0contar un sector energ\u00e9tico eficiente y sostenible. En ese sentido este reglamento \u2013que fue elaborado a trav\u00e9s de un proceso participativo- nos permite seguir impulsando el gran potencial de Chile en materia de energ\u00edas renovables, a trav\u00e9s de una normativa robusta que permite el desarrollo de proyectos\u201d.<\/strong><\/p>\n<p>En lo concreto, el reglamento permite inyectar energ\u00eda\u00a0con equipamientos de propiedad conjunta. Es decir, los usuarios pueden coordinarse para instalar un \u00fanico sistema de generaci\u00f3n y\u00a0aprovechar los excedentes para descontarlos de las boletas de todos los usuarios coordinados. Y adicionalmente, se habilita el procedimiento para el pago de excedentes que generan estos proyectos.<\/p>\n<p><strong>El documento regulatorio entrar\u00e1 en vigencia el 6 noviembre, 30 d\u00edas h\u00e1biles desde su publicaci\u00f3n en el diario oficial.<\/strong><\/p>\n<p>&nbsp;<\/p>\n<p>Fuente:\u00a0<a href=\"https:\/\/energia.gob.cl\/noticias\/nacional\/se-publica-reglamento-de-generacion-distribuida-para-autoconsumo\" target=\"_blank\" rel=\"noopener noreferrer\">https:\/\/energia.gob.cl\/<\/a><\/p>\n","protected":false},"excerpt":{"rendered":"<p>Hoy se public\u00f3 en el Diario Oficial el reglamento de generaci\u00f3n distribuida para autoconsumo, el que introduce varias mejoras al sector, estableciendo reglas que permiten un desarrollo eficiente y\u00a0sostenible de los proyectos de peque\u00f1a escala, ajust\u00e1ndose a las disposiciones legales vigentes. Al respecto, el\u00a0ministro de Energ\u00eda, Juan Carlos Jobet, destac\u00f3 que \u201ccuando tenemos el gran [&hellip;]<\/p>\n","protected":false},"author":3,"featured_media":2948,"comment_status":"open","ping_status":"open","sticky":false,"template":"","format":"standard","meta":{"footnotes":""},"categories":[3],"tags":[],"class_list":["post-2947","post","type-post","status-publish","format-standard","has-post-thumbnail","hentry","category-noticias"],"_links":{"self":[{"href":"https:\/\/autoconsumo.minenergia.cl\/index.php?rest_route=\/wp\/v2\/posts\/2947","targetHints":{"allow":["GET"]}}],"collection":[{"href":"https:\/\/autoconsumo.minenergia.cl\/index.php?rest_route=\/wp\/v2\/posts"}],"about":[{"href":"https:\/\/autoconsumo.minenergia.cl\/index.php?rest_route=\/wp\/v2\/types\/post"}],"author":[{"embeddable":true,"href":"https:\/\/autoconsumo.minenergia.cl\/index.php?rest_route=\/wp\/v2\/users\/3"}],"replies":[{"embeddable":true,"href":"https:\/\/autoconsumo.minenergia.cl\/index.php?rest_route=%2Fwp%2Fv2%2Fcomments&post=2947"}],"version-history":[{"count":4,"href":"https:\/\/autoconsumo.minenergia.cl\/index.php?rest_route=\/wp\/v2\/posts\/2947\/revisions"}],"predecessor-version":[{"id":2978,"href":"https:\/\/autoconsumo.minenergia.cl\/index.php?rest_route=\/wp\/v2\/posts\/2947\/revisions\/2978"}],"wp:featuredmedia":[{"embeddable":true,"href":"https:\/\/autoconsumo.minenergia.cl\/index.php?rest_route=\/wp\/v2\/media\/2948"}],"wp:attachment":[{"href":"https:\/\/autoconsumo.minenergia.cl\/index.php?rest_route=%2Fwp%2Fv2%2Fmedia&parent=2947"}],"wp:term":[{"taxonomy":"category","embeddable":true,"href":"https:\/\/autoconsumo.minenergia.cl\/index.php?rest_route=%2Fwp%2Fv2%2Fcategories&post=2947"},{"taxonomy":"post_tag","embeddable":true,"href":"https:\/\/autoconsumo.minenergia.cl\/index.php?rest_route=%2Fwp%2Fv2%2Ftags&post=2947"}],"curies":[{"name":"wp","href":"https:\/\/api.w.org\/{rel}","templated":true}]}}