{"id":2957,"date":"2020-10-05T18:56:37","date_gmt":"2020-10-05T18:56:37","guid":{"rendered":"https:\/\/autoconsumo.minenergia.cl\/?p=2957"},"modified":"2020-10-13T13:00:50","modified_gmt":"2020-10-13T13:00:50","slug":"seremis-de-medio-ambiente-y-energia-en-vina-del-mar-inauguran-nuevas-oficinas-sustentables","status":"publish","type":"post","link":"https:\/\/autoconsumo.minenergia.cl\/?p=2957","title":{"rendered":"Seremis de Medio Ambiente y Energ\u00eda en Vi\u00f1a del Mar inauguran nuevas oficinas sustentables"},"content":{"rendered":"<div class=\"col-xs-12\">\n<article class=\"noticia-detalle-contenido\">El inmueble de propiedad fiscal entregado en destinaci\u00f3n a las Seremis de Medio Ambiente y Energ\u00eda desde el a\u00f1o 2019, forma parte del Programa \u201cOperaci\u00f3n Rescate\u201d del Ministerio de Bienes Nacionales, con el fin de poner en valor los inmuebles que se encuentran subutilizados.<\/article>\n<article class=\"noticia-detalle-contenido\"><img loading=\"lazy\" decoding=\"async\" class=\"wp-image-2958 alignleft\" src=\"https:\/\/autoconsumo.minenergia.cl\/wp-content\/uploads\/2020\/10\/seremis.jpg\" alt=\"\" width=\"428\" height=\"253\" srcset=\"https:\/\/autoconsumo.minenergia.cl\/wp-content\/uploads\/2020\/10\/seremis.jpg 525w, https:\/\/autoconsumo.minenergia.cl\/wp-content\/uploads\/2020\/10\/seremis-300x177.jpg 300w\" sizes=\"auto, (max-width: 428px) 100vw, 428px\" \/>En la oportunidad, las autoridades destacaron los beneficios aparejados al uso de la casona en relaci\u00f3n al ahorro energ\u00e9tico y econ\u00f3mico; pues ser\u00e1n 46 millones de pesos anuales los que ahorra el Estado por concepto de arriendo en la Regi\u00f3n de Valpara\u00edso, correspondientes a 15 millones, por parte de la seremi de Energ\u00eda, y 30 millones, por parte de Seremi del Medio Ambiente.En relaci\u00f3n al uso de los paneles fotovoltaicos que proveer\u00e1n de energ\u00eda a las dependencias, se realiz\u00f3 una inversi\u00f3n de $8 millones, lo que generar\u00e1 ahorros al fisco cercanos al mill\u00f3n de pesos en las cuentas de luz de forma anual.\u201cEste hito muy relevante porque da cuenta del ejemplo y el liderazgo que debe tener el sector p\u00fablico en la incorporaci\u00f3n de energ\u00edas renovables y la incorporaci\u00f3n de formas que hagan m\u00e1s sustentables el funcionamiento del Estado. Este edificio cuenta con 15 paneles fotovoltaicos en el techo, que equivale a 5 kW de generaci\u00f3n de energ\u00eda, es decir, va a generar su propia energ\u00eda y aquellas energ\u00eda que va a excederse, podr\u00e1 inyectarse a la red\u201d, coment\u00f3 el Subsecretario de Energ\u00eda, Francisco L\u00f3pez.<\/p>\n<p>\u201cEstamos contentos de darle buen uso a los inmuebles que son propiedad del fisco y aportar al trabajo que realiza Energ\u00eda y Medio Ambiente que con esta entrega ahorrar\u00e1n, por concepto de arriendo, m\u00e1s de $45 millones\u201d, se\u00f1al\u00f3 el Subsecretario Alvaro Pillado, Subsecretario de Bienes Nacionales.<\/p>\n<p>Asimismo la implementaci\u00f3n de una nueva red de monitoreo de ruido, primera y \u00fanica en la regi\u00f3n, permitir\u00e1 recopilar informaci\u00f3n para el desarrollo y<\/p>\n<p>seguimiento de las pol\u00edticas p\u00fablicas que controlan la contaminaci\u00f3n generada por el ruido ambiental.<\/p>\n<p>De esta forma ser\u00e1 la primera red de monitoreo de ruido que medir\u00e1 de forma continua y en tiempo real los niveles de ruido urbano. Este proceso de medici\u00f3n iniciar\u00e1 con una campa\u00f1a que tendr\u00e1 una duraci\u00f3n de un a\u00f1o, para luego sistematizar los datos obtenidos (Sobre esta y otras acciones en \u00a0<a href=\"https:\/\/ruido.mma.gob.cl\/\">https:\/\/ruido.mma.gob.cl\/<\/a>)<\/p>\n<p>\u201cEn el d\u00eda del medio ambiente, estamos muy contentos de inaugurar la primera red regional de monitoreo de ruido donde estamos midiendo los niveles de ruido tanto en Vi\u00f1a, como en Valpara\u00edso, para aplicar las pol\u00edticas p\u00fablicas necesarias para mejorar la calidad de vida de las personas. Que el inmueble se alimente de energ\u00edas renovables no convencionales muestra el inter\u00e9s del Gobierno por hacer buen uso de los recursos p\u00fablicos\u201d, sostuvo el Subsecretario del Medio Ambiente, Javier Naranjo<\/p>\n<\/article>\n<\/div>\n<div class=\"col-xs-12\"><\/div>\n<div class=\"col-xs-12 col-sm-6 col-md-4\">\u00a0Fuente:\u00a0<a href=\"https:\/\/energia.gob.cl\/noticias\/nacional\/autoridades-inauguran-nuevas-oficinas-sustentables-de-seremis-de-medio-ambiente-y-energia-en-vina-del-mar\" target=\"_blank\" rel=\"noopener noreferrer\">https:\/\/energia.gob.cl\/<\/a><\/div>\n","protected":false},"excerpt":{"rendered":"<p>El inmueble de propiedad fiscal entregado en destinaci\u00f3n a las Seremis de Medio Ambiente y Energ\u00eda desde el a\u00f1o 2019, forma parte del Programa \u201cOperaci\u00f3n Rescate\u201d del Ministerio de Bienes Nacionales, con el fin de poner en valor los inmuebles que se encuentran subutilizados. En la oportunidad, las autoridades destacaron los beneficios aparejados al uso [&hellip;]<\/p>\n","protected":false},"author":3,"featured_media":2958,"comment_status":"open","ping_status":"open","sticky":false,"template":"","format":"standard","meta":{"footnotes":""},"categories":[3],"tags":[],"class_list":["post-2957","post","type-post","status-publish","format-standard","has-post-thumbnail","hentry","category-noticias"],"_links":{"self":[{"href":"https:\/\/autoconsumo.minenergia.cl\/index.php?rest_route=\/wp\/v2\/posts\/2957","targetHints":{"allow":["GET"]}}],"collection":[{"href":"https:\/\/autoconsumo.minenergia.cl\/index.php?rest_route=\/wp\/v2\/posts"}],"about":[{"href":"https:\/\/autoconsumo.minenergia.cl\/index.php?rest_route=\/wp\/v2\/types\/post"}],"author":[{"embeddable":true,"href":"https:\/\/autoconsumo.minenergia.cl\/index.php?rest_route=\/wp\/v2\/users\/3"}],"replies":[{"embeddable":true,"href":"https:\/\/autoconsumo.minenergia.cl\/index.php?rest_route=%2Fwp%2Fv2%2Fcomments&post=2957"}],"version-history":[{"count":13,"href":"https:\/\/autoconsumo.minenergia.cl\/index.php?rest_route=\/wp\/v2\/posts\/2957\/revisions"}],"predecessor-version":[{"id":2980,"href":"https:\/\/autoconsumo.minenergia.cl\/index.php?rest_route=\/wp\/v2\/posts\/2957\/revisions\/2980"}],"wp:featuredmedia":[{"embeddable":true,"href":"https:\/\/autoconsumo.minenergia.cl\/index.php?rest_route=\/wp\/v2\/media\/2958"}],"wp:attachment":[{"href":"https:\/\/autoconsumo.minenergia.cl\/index.php?rest_route=%2Fwp%2Fv2%2Fmedia&parent=2957"}],"wp:term":[{"taxonomy":"category","embeddable":true,"href":"https:\/\/autoconsumo.minenergia.cl\/index.php?rest_route=%2Fwp%2Fv2%2Fcategories&post=2957"},{"taxonomy":"post_tag","embeddable":true,"href":"https:\/\/autoconsumo.minenergia.cl\/index.php?rest_route=%2Fwp%2Fv2%2Ftags&post=2957"}],"curies":[{"name":"wp","href":"https:\/\/api.w.org\/{rel}","templated":true}]}}