{"id":3873,"date":"2023-01-20T19:38:00","date_gmt":"2023-01-20T19:38:00","guid":{"rendered":"https:\/\/autoconsumo.minenergia.cl\/?p=3873"},"modified":"2024-12-18T19:41:25","modified_gmt":"2024-12-18T19:41:25","slug":"ministerio-de-energia-y-union-europea-lanzan-nueva-version-del-concurso-ponle-energia-a-tu-empresa","status":"publish","type":"post","link":"https:\/\/autoconsumo.minenergia.cl\/?p=3873","title":{"rendered":"Ministerio de Energ\u00eda y Uni\u00f3n Europea lanzan nueva versi\u00f3n del concurso \u201cPonle Energ\u00eda a tu Empresa\u201d"},"content":{"rendered":"\n<figure class=\"wp-block-image size-full is-resized\"><img loading=\"lazy\" decoding=\"async\" width=\"1024\" height=\"683\" src=\"https:\/\/autoconsumo.minenergia.cl\/wp-content\/uploads\/2024\/12\/image-16.png\" alt=\"\" class=\"wp-image-3875\" style=\"object-fit:cover;width:300px;height:177px\" srcset=\"https:\/\/autoconsumo.minenergia.cl\/wp-content\/uploads\/2024\/12\/image-16.png 1024w, https:\/\/autoconsumo.minenergia.cl\/wp-content\/uploads\/2024\/12\/image-16-300x200.png 300w, https:\/\/autoconsumo.minenergia.cl\/wp-content\/uploads\/2024\/12\/image-16-768x512.png 768w, https:\/\/autoconsumo.minenergia.cl\/wp-content\/uploads\/2024\/12\/image-16-660x440.png 660w\" sizes=\"auto, (max-width: 1024px) 100vw, 1024px\" \/><\/figure>\n\n\n\n<ul class=\"wp-block-list\">\n<li><strong>Hasta $60 millones podr\u00e1n obtener las empresas para cofinanciar proyectos que permitan la autogeneraci\u00f3n el\u00e9ctrica o t\u00e9rmica con energ\u00edas renovables.<\/strong><\/li>\n\n\n\n<li><strong>La iniciativa considera un fondo total de $1.200 millones, que espera beneficiar directamente a m\u00e1s de 100 empresas de todos los tama\u00f1os a nivel nacional.<\/strong><\/li>\n<\/ul>\n\n\n\n<hr class=\"wp-block-separator has-alpha-channel-opacity\"\/>\n\n\n\n<p>Hasta la f\u00e1brica de cables de cobre COVISA lleg\u00f3 el ministro de Energ\u00eda, Diego Pardow, para conocer en terreno a una de las empresas ganadoras de la primera versi\u00f3n del programa \u201cPonle Energ\u00eda a tu Empresa\u201d, que este a\u00f1o tendr\u00e1 una nueva convocatoria.<\/p>\n\n\n\n<p>Esta iniciativa del Ministerio de Energ\u00eda y la Uni\u00f3n Europea (UE) entrega un cofinanciamiento de hasta $60 millones para implementar proyectos de autoconsumo a trav\u00e9s de energ\u00edas renovables, dirigido a micro, peque\u00f1as, medianas y grandes empresas.<\/p>\n\n\n\n<p>El ministro Pardow destac\u00f3 que esta iniciativa &#8220;permitir\u00e1 a las empresas, de todo tama\u00f1o, sumarse a la transici\u00f3n energ\u00e9tica renovable con tecnolog\u00edas que le permitir\u00e1n reducir el costo asociado a sus procesos productivos y tambi\u00e9n, de manera muy importante reducir su huella de carbono\u201d.<\/p>\n\n\n\n<p>En tanto, el embajador de la UE en Chile, Le\u00f3n de la Torre Krais, se\u00f1al\u00f3: \u201cCon esta nueva convocatoria la UE refuerza el compromiso de colaborar con Chile en la mitigaci\u00f3n del cambio clim\u00e1tico, en este caso junto con el sector privado, promoviendo el uso de energ\u00edas renovables. Esperamos recibir nuevas propuestas para incluir soluciones pr\u00e1cticas, eficientes e innovadoras que nos permitan alcanzar nuestros objetivos clim\u00e1ticos compartidos\u201d.<\/p>\n\n\n\n<p>\u201cLa postulaci\u00f3n debe realizarse junto a un proveedor de servicios energ\u00e9ticos. Por lo mismo, implica tambi\u00e9n un impulso al ecosistema de proveedores y consultores del sector&#8221;, complement\u00f3 el ministro de Energ\u00eda.<\/p>\n\n\n\n<p>A trav\u00e9s de esta iniciativa, se podr\u00e1n cofinanciar proyectos de energ\u00eda renovable para energ\u00eda el\u00e9ctrica, t\u00e9rmica o cogeneraci\u00f3n, a trav\u00e9s de cualquier tecnolog\u00eda renovable para autoconsumo. \u200bEl concurso estar\u00e1 abierto hasta el 31 de marzo de 2023.<\/p>\n\n\n\n<p>Ponle Energ\u00eda a tu Empresa es realizado en el marco del proyecto &#8220;Energ\u00edas Renovables para el Autoconsumo en Chile&#8221; de NAMA Facility, proyecto implementado por KFW y GIZ, por encargo del Ministerio de Asuntos Econ\u00f3micos y Acci\u00f3n Clim\u00e1tica (BMWK) de Alemania, el Departamento de Negocios, Energ\u00eda y Estrategia Industrial (BEIS) de Reino Unido, el Ministerio de Clima Energ\u00eda y Servicios P\u00fablicos (KEFM) de Dinamarca, el Ministerio de Asuntos Exteriores (MFA) de Dinamarca, la Uni\u00f3n Europea y la Fundaci\u00f3n Children&#8217;s Investment Fund (CIFF), a trav\u00e9s de la KfW.&nbsp;<\/p>\n\n\n\n<p>El componente financiero completo tendr\u00e1 un presupuesto de 14 millones de euros, que son aportados por la Uni\u00f3n Europea, destinados a fomentar la inversi\u00f3n en proyectos de autoconsumo, as\u00ed como el desarrollo del sector financiero en este \u00e1mbito.<\/p>\n\n\n\n<p>M\u00e1s informaciones de este programa en&nbsp;<a href=\"http:\/\/www.ponleenergia.cl\/\">www.ponleenergia.cl<\/a><\/p>\n","protected":false},"excerpt":{"rendered":"<p>Hasta la f\u00e1brica de cables de cobre COVISA lleg\u00f3 el ministro de Energ\u00eda, Diego Pardow, para conocer en terreno a una de las empresas ganadoras de la primera versi\u00f3n del programa \u201cPonle Energ\u00eda a tu Empresa\u201d, que este a\u00f1o tendr\u00e1 una nueva convocatoria. Esta iniciativa del Ministerio de Energ\u00eda y la Uni\u00f3n Europea (UE) entrega [&hellip;]<\/p>\n","protected":false},"author":7,"featured_media":3875,"comment_status":"open","ping_status":"open","sticky":false,"template":"","format":"standard","meta":{"footnotes":""},"categories":[3],"tags":[],"class_list":["post-3873","post","type-post","status-publish","format-standard","has-post-thumbnail","hentry","category-noticias"],"_links":{"self":[{"href":"https:\/\/autoconsumo.minenergia.cl\/index.php?rest_route=\/wp\/v2\/posts\/3873","targetHints":{"allow":["GET"]}}],"collection":[{"href":"https:\/\/autoconsumo.minenergia.cl\/index.php?rest_route=\/wp\/v2\/posts"}],"about":[{"href":"https:\/\/autoconsumo.minenergia.cl\/index.php?rest_route=\/wp\/v2\/types\/post"}],"author":[{"embeddable":true,"href":"https:\/\/autoconsumo.minenergia.cl\/index.php?rest_route=\/wp\/v2\/users\/7"}],"replies":[{"embeddable":true,"href":"https:\/\/autoconsumo.minenergia.cl\/index.php?rest_route=%2Fwp%2Fv2%2Fcomments&post=3873"}],"version-history":[{"count":5,"href":"https:\/\/autoconsumo.minenergia.cl\/index.php?rest_route=\/wp\/v2\/posts\/3873\/revisions"}],"predecessor-version":[{"id":3880,"href":"https:\/\/autoconsumo.minenergia.cl\/index.php?rest_route=\/wp\/v2\/posts\/3873\/revisions\/3880"}],"wp:featuredmedia":[{"embeddable":true,"href":"https:\/\/autoconsumo.minenergia.cl\/index.php?rest_route=\/wp\/v2\/media\/3875"}],"wp:attachment":[{"href":"https:\/\/autoconsumo.minenergia.cl\/index.php?rest_route=%2Fwp%2Fv2%2Fmedia&parent=3873"}],"wp:term":[{"taxonomy":"category","embeddable":true,"href":"https:\/\/autoconsumo.minenergia.cl\/index.php?rest_route=%2Fwp%2Fv2%2Fcategories&post=3873"},{"taxonomy":"post_tag","embeddable":true,"href":"https:\/\/autoconsumo.minenergia.cl\/index.php?rest_route=%2Fwp%2Fv2%2Ftags&post=3873"}],"curies":[{"name":"wp","href":"https:\/\/api.w.org\/{rel}","templated":true}]}}