{"id":3881,"date":"2024-03-22T19:42:00","date_gmt":"2024-03-22T19:42:00","guid":{"rendered":"https:\/\/autoconsumo.minenergia.cl\/?p=3881"},"modified":"2024-12-18T19:45:05","modified_gmt":"2024-12-18T19:45:05","slug":"seminario-para-conmemorar-los-10-anos-de-generacion-distribuida","status":"publish","type":"post","link":"https:\/\/autoconsumo.minenergia.cl\/?p=3881","title":{"rendered":"Seminario para conmemorar los 10 a\u00f1os de Generaci\u00f3n Distribuida"},"content":{"rendered":"\n<p><\/p>\n\n\n\n<figure class=\"wp-block-image size-full\"><img loading=\"lazy\" decoding=\"async\" width=\"525\" height=\"310\" src=\"https:\/\/autoconsumo.minenergia.cl\/wp-content\/uploads\/2024\/12\/image-17.png\" alt=\"\" class=\"wp-image-3882\" srcset=\"https:\/\/autoconsumo.minenergia.cl\/wp-content\/uploads\/2024\/12\/image-17.png 525w, https:\/\/autoconsumo.minenergia.cl\/wp-content\/uploads\/2024\/12\/image-17-300x177.png 300w\" sizes=\"auto, (max-width: 525px) 100vw, 525px\" \/><\/figure>\n\n\n\n<p><strong>El objetivo del encuentro fue dialogar sobre los aprendizajes y desaf\u00edos, al cumplirse una d\u00e9cada de implementaci\u00f3n de esta ley.<\/strong><\/p>\n\n\n\n<p>Con la presencia del Subsecretario de Energ\u00eda, Luis Felipe Ramos, la superintendenta de Electricidad y Combustibles, Marta Cabeza y el secretario ejecutivo de la CNE, Marco Mancilla, el martes 19 de marzo se realiz\u00f3 el seminario \u201c10 a\u00f1os de Generaci\u00f3n Distribuida\u201d, el cual se hizo de manera presencial en el Auditorio D&#8217;Etigny de la facultad de Ingenier\u00eda de la Universidad de Chile, transmitido por el canal de YouTube ministerial.<\/p>\n\n\n\n<p>Para Anita Flores V\u00e1squez, Seremi de Energ\u00eda, de la regi\u00f3n de Arica y Parinacota \u201cLa ley netbilling ha permitido democratizar el acceso a las energ\u00edas renovables en todo nuestro pa\u00eds a las y los ciudadanos chilenos, en particular en nuestra regi\u00f3n el ministerio de energ\u00eda ha promovido desde el a\u00f1o 2022, 86140 Kwh\/a\u00f1o a trav\u00e9s de su programa Casa Solar, adem\u00e1s de lo incorporado en programas como Ponle energ\u00eda a tu Pyme y Ponle energ\u00eda a tu empresa. Todas estas iniciativas han logrado un ahorro en el consumo el\u00e9ctrico de los hogares y\/o empresas, adem\u00e1s de sumar al desaf\u00edo de descarbonizar la matriz energ\u00e9tica de nuestro pa\u00eds.\u201d se\u00f1al\u00f3 la autoridad regional.<\/p>\n\n\n\n<p>La generaci\u00f3n distribuida, impulsada por la Ley de generaci\u00f3n distribuida para el autoconsumo (net-billing), ha sido un pilar fundamental en el fomento de los Recursos Energ\u00e9ticos Distribuidos en el pa\u00eds. Modelo que permite el uso de fuentes de energ\u00eda renovables para la generaci\u00f3n de energ\u00eda el\u00e9ctrica en redes de distribuci\u00f3n, facilitando el autoabastecimiento y la inyecci\u00f3n de excedentes en hogares, edificios, industrias y Pymes.<\/p>\n\n\n\n<p>El seminario abord\u00f3 temas clave relacionados con la generaci\u00f3n distribuida como impulso a los recursos y reflexiones sobre los recursos energ\u00e9ticos distribuidos. Adem\u00e1s, se esperan compartir experiencias, conocimientos y propuestas para fortalecer el desarrollo de la generaci\u00f3n distribuida en Chile&nbsp;<a href=\"https:\/\/www.youtube.com\/watch?v=IbOtQ7ZBxA4\">https:\/\/www.youtube.com\/watch?v=IbOtQ7ZBxA4<\/a><\/p>\n","protected":false},"excerpt":{"rendered":"<p>El objetivo del encuentro fue dialogar sobre los aprendizajes y desaf\u00edos, al cumplirse una d\u00e9cada de implementaci\u00f3n de esta ley. Con la presencia del Subsecretario de Energ\u00eda, Luis Felipe Ramos, la superintendenta de Electricidad y Combustibles, Marta Cabeza y el secretario ejecutivo de la CNE, Marco Mancilla, el martes 19 de marzo se realiz\u00f3 el [&hellip;]<\/p>\n","protected":false},"author":7,"featured_media":3882,"comment_status":"open","ping_status":"open","sticky":false,"template":"","format":"standard","meta":{"footnotes":""},"categories":[3],"tags":[],"class_list":["post-3881","post","type-post","status-publish","format-standard","has-post-thumbnail","hentry","category-noticias"],"_links":{"self":[{"href":"https:\/\/autoconsumo.minenergia.cl\/index.php?rest_route=\/wp\/v2\/posts\/3881","targetHints":{"allow":["GET"]}}],"collection":[{"href":"https:\/\/autoconsumo.minenergia.cl\/index.php?rest_route=\/wp\/v2\/posts"}],"about":[{"href":"https:\/\/autoconsumo.minenergia.cl\/index.php?rest_route=\/wp\/v2\/types\/post"}],"author":[{"embeddable":true,"href":"https:\/\/autoconsumo.minenergia.cl\/index.php?rest_route=\/wp\/v2\/users\/7"}],"replies":[{"embeddable":true,"href":"https:\/\/autoconsumo.minenergia.cl\/index.php?rest_route=%2Fwp%2Fv2%2Fcomments&post=3881"}],"version-history":[{"count":2,"href":"https:\/\/autoconsumo.minenergia.cl\/index.php?rest_route=\/wp\/v2\/posts\/3881\/revisions"}],"predecessor-version":[{"id":3884,"href":"https:\/\/autoconsumo.minenergia.cl\/index.php?rest_route=\/wp\/v2\/posts\/3881\/revisions\/3884"}],"wp:featuredmedia":[{"embeddable":true,"href":"https:\/\/autoconsumo.minenergia.cl\/index.php?rest_route=\/wp\/v2\/media\/3882"}],"wp:attachment":[{"href":"https:\/\/autoconsumo.minenergia.cl\/index.php?rest_route=%2Fwp%2Fv2%2Fmedia&parent=3881"}],"wp:term":[{"taxonomy":"category","embeddable":true,"href":"https:\/\/autoconsumo.minenergia.cl\/index.php?rest_route=%2Fwp%2Fv2%2Fcategories&post=3881"},{"taxonomy":"post_tag","embeddable":true,"href":"https:\/\/autoconsumo.minenergia.cl\/index.php?rest_route=%2Fwp%2Fv2%2Ftags&post=3881"}],"curies":[{"name":"wp","href":"https:\/\/api.w.org\/{rel}","templated":true}]}}