{"id":3885,"date":"2024-04-24T19:50:00","date_gmt":"2024-04-24T19:50:00","guid":{"rendered":"https:\/\/autoconsumo.minenergia.cl\/?p=3885"},"modified":"2024-12-18T19:52:27","modified_gmt":"2024-12-18T19:52:27","slug":"seremi-de-energia-rm-visita-planta-fotovoltaica-del-i-p-arcos-en-penalolen","status":"publish","type":"post","link":"https:\/\/autoconsumo.minenergia.cl\/?p=3885","title":{"rendered":"SEREMI DE ENERG\u00cdA RM VISITA PLANTA FOTOVOLTAICA DEL I.P. ARCOS EN PE\u00d1ALOL\u00c9N"},"content":{"rendered":"\n<figure class=\"wp-block-image size-full\"><img loading=\"lazy\" decoding=\"async\" width=\"525\" height=\"310\" src=\"https:\/\/autoconsumo.minenergia.cl\/wp-content\/uploads\/2024\/04\/image.png\" alt=\"\" class=\"wp-image-3889\" srcset=\"https:\/\/autoconsumo.minenergia.cl\/wp-content\/uploads\/2024\/04\/image.png 525w, https:\/\/autoconsumo.minenergia.cl\/wp-content\/uploads\/2024\/04\/image-300x177.png 300w\" sizes=\"auto, (max-width: 525px) 100vw, 525px\" \/><\/figure>\n\n\n\n<p><strong>El SEREMI de Energ\u00eda de la RM, Iv\u00e1n Mor\u00e1n,\u00a0visit\u00f3 la casa de estudios superiores en el marco del concurso &#8220;<em>Ponle Energ\u00eda a tu Empresa&#8221;<\/em>\u00a0y la implementaci\u00f3n de parte del Instituto, a trav\u00e9s del cofinanciamiento de estos fondos, de una moderna planta de energ\u00eda solar que entrega una potencia de 364 kWp, equivalentes a la disminuci\u00f3n emisiones de 78 toneladas de CO2 anuales.<\/strong><br><br>En su Casa Central, ubicada en Avenida Grecia de la comuna de Pe\u00f1alol\u00e9n, el Instituto dispone de una amplia estructura de 521 m\u00b2 de paneles solares que genera energ\u00eda y que, incluso, entrega el sobrante no utilizado a la red de distribuci\u00f3n el\u00e9ctrica p\u00fablica.<br><br>\u201cAtravesamos una crisis global y necesitamos hacernos cargos del problema ambiental que genera el calentamiento global. Y una de las medidas que tenemos que tomar fuertemente es bajar las emisiones, como los sectores que emiten gas de efecto invernadero. Cerca del 75% de estos gases proviene del sector energ\u00eda, por lo tanto, todo lo que podamos hacer en eficiencia energ\u00e9tica lo celebramos. Hemos venido hoy d\u00eda a conocer este proyecto fotovoltaico maravilloso que tiene el Instituto Profesional\u00a0<a href=\"https:\/\/www.arcos.cl\/\">ARCOS<\/a>, que se adjudic\u00f3 el concurso\u00a0<em>Ponle Energ\u00eda a tu Empresa<\/em>, que es un fondo del ministerio de Energ\u00eda con aporte de la Uni\u00f3n Europea y que permite generar un importante ahorro energ\u00e9tico para cuidar el planeta\u201d, indic\u00f3 Iv\u00e1n Mor\u00e1n,\u00a0Seremi de Energ\u00eda de la Regi\u00f3n Metropolitana.<\/p>\n\n\n\n<p>El concurso&nbsp;<em>Ponle Energ\u00eda a tu Empresa<\/em>&nbsp;es un instrumento de fomento del Ministerio de Energ\u00eda que busca otorgar cofinanciamiento para implementar proyectos de autoconsumo en base a energ\u00edas renovables, desde donde se incentiva la inversi\u00f3n en proyectos que reduzcan los costos de energ\u00eda y las emisiones de CO2 al medio ambiente.<br><br>\u201cEl mundo est\u00e1 en una crisis clim\u00e1tica terminal y, felizmente, nuestro pa\u00eds ha tenido una muy buena aproximaci\u00f3n a buscar soluciones. Esto es un ejemplo para el mundo, como lo han destacado personas como Al Gore, ex vicepresidente de los Estados Unidos y experto en temas medioambientales, o instituciones internacionales. Y, por supuesto, en I.P. ARCOS hemos querido ser una contribuci\u00f3n. As\u00ed, en plena pandemia nos decidimos a construir un sistema de paneles solares que nos permite ahorrar un 40% de energ\u00eda. La visita del SEREMI Iv\u00e1n Mor\u00e1n y personeros de la Uni\u00f3n Europea es un apoyo sustantivo para promover que las instituciones de Educaci\u00f3n Superior tengan iniciativa ecol\u00f3gica y campus sustentables\u201d, se\u00f1al\u00f3 el rector del Instituto Profesional ARCOS, Jos\u00e9 Sanfuentes.<\/p>\n\n\n\n<p>Adem\u00e1s del SEREMI, visitaron ARCOS Benoit Larielle y P\u00eda Hevia, oficiales de Cooperaci\u00f3n Delegaci\u00f3n de la Uni\u00f3n Europea en Chile y Paola Sabatti, consultora de la misma delegaci\u00f3n, puesto que el concurso se ejecut\u00f3 en el marco del proyecto&nbsp;<em>Energ\u00edas renovables para el autoconsumo en Chile<\/em>, iniciativa liderada por el Ministerio de Energ\u00eda con aportes de la Mitigation Action Facility, por encargo del Ministerio Federal de Econom\u00eda y Protecci\u00f3n del Clima de Alemania, el Departamento de Seguridad Energ\u00e9tica y Cero Neto del Reino Unido, el Ministerio de Clima Energ\u00eda y Servicios P\u00fablicos de Dinamarca, el Ministerio de Asuntos Exteriores de Dinamarca, la Uni\u00f3n Europea y la Fundaci\u00f3n del Fondo de Inversi\u00f3n para la Infancia, a trav\u00e9s del banco KfW.<br><br>Cabe se\u00f1alar que I.P. ARCOS es parte de la Red de Campus Sustentables y se ha adherido al Acuerdo de Producci\u00f3n Limpia, que compromete el cumplimiento de acciones de gesti\u00f3n y formaci\u00f3n acad\u00e9mica sobre estos temas.<\/p>\n","protected":false},"excerpt":{"rendered":"<p>El SEREMI de Energ\u00eda de la RM, Iv\u00e1n Mor\u00e1n,\u00a0visit\u00f3 la casa de estudios superiores en el marco del concurso &#8220;Ponle Energ\u00eda a tu Empresa&#8221;\u00a0y la implementaci\u00f3n de parte del Instituto, a trav\u00e9s del cofinanciamiento de estos fondos, de una moderna planta de energ\u00eda solar que entrega una potencia de 364 kWp, equivalentes a la disminuci\u00f3n [&hellip;]<\/p>\n","protected":false},"author":7,"featured_media":3886,"comment_status":"open","ping_status":"open","sticky":false,"template":"","format":"standard","meta":{"footnotes":""},"categories":[3],"tags":[],"class_list":["post-3885","post","type-post","status-publish","format-standard","has-post-thumbnail","hentry","category-noticias"],"_links":{"self":[{"href":"https:\/\/autoconsumo.minenergia.cl\/index.php?rest_route=\/wp\/v2\/posts\/3885","targetHints":{"allow":["GET"]}}],"collection":[{"href":"https:\/\/autoconsumo.minenergia.cl\/index.php?rest_route=\/wp\/v2\/posts"}],"about":[{"href":"https:\/\/autoconsumo.minenergia.cl\/index.php?rest_route=\/wp\/v2\/types\/post"}],"author":[{"embeddable":true,"href":"https:\/\/autoconsumo.minenergia.cl\/index.php?rest_route=\/wp\/v2\/users\/7"}],"replies":[{"embeddable":true,"href":"https:\/\/autoconsumo.minenergia.cl\/index.php?rest_route=%2Fwp%2Fv2%2Fcomments&post=3885"}],"version-history":[{"count":3,"href":"https:\/\/autoconsumo.minenergia.cl\/index.php?rest_route=\/wp\/v2\/posts\/3885\/revisions"}],"predecessor-version":[{"id":3890,"href":"https:\/\/autoconsumo.minenergia.cl\/index.php?rest_route=\/wp\/v2\/posts\/3885\/revisions\/3890"}],"wp:featuredmedia":[{"embeddable":true,"href":"https:\/\/autoconsumo.minenergia.cl\/index.php?rest_route=\/wp\/v2\/media\/3886"}],"wp:attachment":[{"href":"https:\/\/autoconsumo.minenergia.cl\/index.php?rest_route=%2Fwp%2Fv2%2Fmedia&parent=3885"}],"wp:term":[{"taxonomy":"category","embeddable":true,"href":"https:\/\/autoconsumo.minenergia.cl\/index.php?rest_route=%2Fwp%2Fv2%2Fcategories&post=3885"},{"taxonomy":"post_tag","embeddable":true,"href":"https:\/\/autoconsumo.minenergia.cl\/index.php?rest_route=%2Fwp%2Fv2%2Ftags&post=3885"}],"curies":[{"name":"wp","href":"https:\/\/api.w.org\/{rel}","templated":true}]}}