{"id":3891,"date":"2024-04-04T19:58:00","date_gmt":"2024-04-04T19:58:00","guid":{"rendered":"https:\/\/autoconsumo.minenergia.cl\/?p=3891"},"modified":"2024-12-18T20:02:20","modified_gmt":"2024-12-18T20:02:20","slug":"evento-en-la-usach-reconoce-el-compromiso-de-empresas-y-mipymes-con-la-sustentabilidad-energetica","status":"publish","type":"post","link":"https:\/\/autoconsumo.minenergia.cl\/?p=3891","title":{"rendered":"Evento en la USACH reconoce el compromiso de Empresas y MiPymes con la sustentabilidad energ\u00e9tica"},"content":{"rendered":"\n<figure class=\"wp-block-image size-full is-resized\"><img loading=\"lazy\" decoding=\"async\" width=\"525\" height=\"310\" src=\"https:\/\/autoconsumo.minenergia.cl\/wp-content\/uploads\/2024\/12\/image-19.png\" alt=\"\" class=\"wp-image-3892\" style=\"object-fit:cover;width:300px;height:177px\" srcset=\"https:\/\/autoconsumo.minenergia.cl\/wp-content\/uploads\/2024\/12\/image-19.png 525w, https:\/\/autoconsumo.minenergia.cl\/wp-content\/uploads\/2024\/12\/image-19-300x177.png 300w\" sizes=\"auto, (max-width: 525px) 100vw, 525px\" \/><\/figure>\n\n\n\n<p>Hoy se realiz\u00f3 la ceremonia de reconocimiento de los concursos &#8220;Ponle Energ\u00eda a Tu Empresa&#8221; y &#8220;Ponle Energ\u00eda a Tu Pyme&#8221; en la Universidad de Santiago de Chile (USACH), evento que tuvo por objetivo principal valorar el esfuerzo y compromiso de las grandes, peque\u00f1as, medianas y micro empresas, en la implementaci\u00f3n de medidas de eficiencia energ\u00e9tica, energ\u00edas renovables y electromovilidad, en un esfuerzo por contribuir a la lucha contra el cambio clim\u00e1tico y promover la sustentabilidad.<\/p>\n\n\n\n<p>El evento cont\u00f3 con la presencia de destacadas autoridades y representantes del sector empresarial, entre ellos el Rector de la USACH, Sr. Rodrigo Vidal, y autoridades como Benoit Larielle, Oficial de Cooperaci\u00f3n de la Delegaci\u00f3n de la Uni\u00f3n Europea en Chile; Rosa Riquelme, Directora de la Agencia de Sostenibilidad Energ\u00e9tica; Viviana Aguirre, Directora SERCOTEC de la Regi\u00f3n Metropolitana; Camila Navarro, Presidenta de la Comisi\u00f3n de Fomento Productivo del CORE; Mauricio Mor\u00e1n, CORE de la RM e Iv\u00e1n Mor\u00e1n, SEREMI de Energ\u00eda de la Regi\u00f3n Metropolitana, quienes destacaron la importancia del compromiso empresarial en la construcci\u00f3n de un futuro m\u00e1s sostenible.<\/p>\n\n\n\n<p>El Rector de la casa de estudio enfatiz\u00f3 que &#8220;la sostenibilidad, la eficiencia energ\u00e9ticca, el compromiso con las futuras generaciones es un desaf\u00edo mayor planetario hoy d\u00eda, y por lo tanto, no podemos nosotros ser menos como universidad frente a este desaf\u00edo y por eso que hemos acogido al Ministerio de Energ\u00eda hoy, a trav\u00e9s de esta premiaci\u00f3n de pymes y de empresas que est\u00e1n impulsando este cambio energ\u00e9tico&#8221;.<\/p>\n\n\n\n<p>El evento se centr\u00f3 en el reconocimiento de las empresas que participaron en el concurso &#8220;Ponle Energ\u00eda a Tu Pyme&#8221; y &#8220;Ponle Energ\u00eda a Tu Empresa&#8221;, iniciativas lideradas por el Ministerio de Energ\u00eda y la Agencia de Sostenibilidad Energ\u00e9tica, con el objetivo de apoyar proyectos de eficiencia energ\u00e9tica, energ\u00edas renovables y electromovilidad.<\/p>\n\n\n\n<p>En el marco del concurso &#8220;Ponle Energ\u00eda a Tu Pyme&#8221; en su versi\u00f3n 2021, se adjudicaron cofinanciamientos a 62 micro, peque\u00f1as y medianas empresas,&nbsp;por un monto correspondiente a $&nbsp;496.577.681.-&nbsp;donde si sumamos el aporte p\u00fablico al privado obtenemos $&nbsp;1.058.145.620.-&nbsp;generando un ahorro energ\u00e9tico de 2.300 mWh anuales, evitando la producci\u00f3n de cerca de 10.916 toneladas de co2 equivalente. Asimismo, el concurso &#8220;Ponle Energ\u00eda a Tu Empresa&#8221; benefici\u00f3 a 7 empresas de la Regi\u00f3n Metropolitana,&nbsp;correspondiente a $&nbsp;164.762.886.-&nbsp;donde si sumamos el aporte p\u00fablico al privado obtenemos $&nbsp;613.985.586.-&nbsp;visualizando tambi\u00e9n que es rentable invertir en este tipo de proyectos, ya que como consecuencia de ello se evit\u00f3 la emisi\u00f3n de cerca de 19.573 toneladas de co2.<\/p>\n\n\n\n<p>Durante la ceremonia, se realiz\u00f3 la entrega de reconocimientos a las empresas ganadoras de ambos concursos, as\u00ed como a aquellas que han destacado por su compromiso con la sustentabilidad. Se destac\u00f3 especialmente la participaci\u00f3n activa de todas las empresas presentes en la construcci\u00f3n de un futuro m\u00e1s sustentable. El SEREMI Iv\u00e1n Mor\u00e1n se\u00f1al\u00f3 que desde el Ministerio&nbsp; &#8220;estamos muy contentos de haber hecho este evento donde reconocemos los proyectos de eficiencia energ\u00e9tica y generaci\u00f3n renovable de micro, peque\u00f1as, medianas y grandes empresas que nos demuestran de que todos podemos colaborar en enfrentar el cambio clim\u00e1tico. Lo que estamos viendo con estos proyectos es que todos y cada uno nos demuestran que se puede funcionar bien, se puede producir bien, se puede entregar servicios bien, de buena calidad, incluso mejor calidad que antes y consumir menos energ\u00eda&#8221;.<\/p>\n\n\n\n<p>En resumen, el evento celebr\u00f3 los esfuerzos de las empresas por adoptar pr\u00e1cticas sustentables y alent\u00f3 a seguir trabajando en conjunto para construir un futuro m\u00e1s pr\u00f3spero y amigable con el medio ambiente.<\/p>\n","protected":false},"excerpt":{"rendered":"<p>Hoy se realiz\u00f3 la ceremonia de reconocimiento de los concursos &#8220;Ponle Energ\u00eda a Tu Empresa&#8221; y &#8220;Ponle Energ\u00eda a Tu Pyme&#8221; en la Universidad de Santiago de Chile (USACH), evento que tuvo por objetivo principal valorar el esfuerzo y compromiso de las grandes, peque\u00f1as, medianas y micro empresas, en la implementaci\u00f3n de medidas de eficiencia [&hellip;]<\/p>\n","protected":false},"author":7,"featured_media":3892,"comment_status":"open","ping_status":"open","sticky":false,"template":"","format":"standard","meta":{"footnotes":""},"categories":[3],"tags":[],"class_list":["post-3891","post","type-post","status-publish","format-standard","has-post-thumbnail","hentry","category-noticias"],"_links":{"self":[{"href":"https:\/\/autoconsumo.minenergia.cl\/index.php?rest_route=\/wp\/v2\/posts\/3891","targetHints":{"allow":["GET"]}}],"collection":[{"href":"https:\/\/autoconsumo.minenergia.cl\/index.php?rest_route=\/wp\/v2\/posts"}],"about":[{"href":"https:\/\/autoconsumo.minenergia.cl\/index.php?rest_route=\/wp\/v2\/types\/post"}],"author":[{"embeddable":true,"href":"https:\/\/autoconsumo.minenergia.cl\/index.php?rest_route=\/wp\/v2\/users\/7"}],"replies":[{"embeddable":true,"href":"https:\/\/autoconsumo.minenergia.cl\/index.php?rest_route=%2Fwp%2Fv2%2Fcomments&post=3891"}],"version-history":[{"count":1,"href":"https:\/\/autoconsumo.minenergia.cl\/index.php?rest_route=\/wp\/v2\/posts\/3891\/revisions"}],"predecessor-version":[{"id":3893,"href":"https:\/\/autoconsumo.minenergia.cl\/index.php?rest_route=\/wp\/v2\/posts\/3891\/revisions\/3893"}],"wp:featuredmedia":[{"embeddable":true,"href":"https:\/\/autoconsumo.minenergia.cl\/index.php?rest_route=\/wp\/v2\/media\/3892"}],"wp:attachment":[{"href":"https:\/\/autoconsumo.minenergia.cl\/index.php?rest_route=%2Fwp%2Fv2%2Fmedia&parent=3891"}],"wp:term":[{"taxonomy":"category","embeddable":true,"href":"https:\/\/autoconsumo.minenergia.cl\/index.php?rest_route=%2Fwp%2Fv2%2Fcategories&post=3891"},{"taxonomy":"post_tag","embeddable":true,"href":"https:\/\/autoconsumo.minenergia.cl\/index.php?rest_route=%2Fwp%2Fv2%2Ftags&post=3891"}],"curies":[{"name":"wp","href":"https:\/\/api.w.org\/{rel}","templated":true}]}}