{"id":3897,"date":"2024-07-03T20:05:00","date_gmt":"2024-07-03T20:05:00","guid":{"rendered":"https:\/\/autoconsumo.minenergia.cl\/?p=3897"},"modified":"2024-12-18T20:07:41","modified_gmt":"2024-12-18T20:07:41","slug":"comisaria-europea-de-energia-kadri-simson-conocio-planta-fotovoltaica-parte-de-los-proyectos-de-ponle-energia-a-tu-empresa","status":"publish","type":"post","link":"https:\/\/autoconsumo.minenergia.cl\/?p=3897","title":{"rendered":"Comisaria Europea de Energ\u00eda, Kadri Simson, conoci\u00f3 planta fotovoltaica parte de los proyectos de \u201cPonle Energ\u00eda a tu Empresa\u201d"},"content":{"rendered":"\n<ul class=\"wp-block-list\">\n<li><strong>La visita a Vi\u00f1a Santa Ema, se dio en el contexto la gira de la representante europea a nuestro pa\u00eds, donde sostuvo diversas reuniones con autoridades de Gobierno.\u00a0<\/strong><br>\u00a0<\/li>\n\n\n\n<li><strong>El concurso \u201cPonle Energ\u00eda a tu Empresa\u201d se enmarca en el proyecto energ\u00edas renovables para el autoconsumo en Chile, iniciativa liderada por el Ministerio de Energ\u00eda, que se financi\u00f3 con fondos de la Mitigation Action Facility, a trav\u00e9s del KfW.\u00a0<\/strong>\u00a0<\/li>\n<\/ul>\n\n\n\n<figure class=\"wp-block-image size-full\"><img loading=\"lazy\" decoding=\"async\" width=\"525\" height=\"310\" src=\"https:\/\/autoconsumo.minenergia.cl\/wp-content\/uploads\/2024\/12\/image-21.png\" alt=\"\" class=\"wp-image-3898\" srcset=\"https:\/\/autoconsumo.minenergia.cl\/wp-content\/uploads\/2024\/12\/image-21.png 525w, https:\/\/autoconsumo.minenergia.cl\/wp-content\/uploads\/2024\/12\/image-21-300x177.png 300w\" sizes=\"auto, (max-width: 525px) 100vw, 525px\" \/><\/figure>\n\n\n\n<p>Hasta las dependencias de Vi\u00f1a Santa Ema, ubicada en Isla de Maipo, en la Regi\u00f3n Metropolitana, lleg\u00f3 la Comisaria Europea de Energ\u00eda, Kadri Simson para conocer uno de los proyectos adjudicados como parte del concurso \u201cPonle Energ\u00eda a tu Empresa\u201d.\u00a0<\/p>\n\n\n\n<p>All\u00ed&nbsp;visit\u00f3&nbsp;la planta fotovoltaica de 265 kW, instalada por Vinos Santa Ema, proyecto con el que, desde el Ministerio de Energ\u00eda, con el apoyo de la Uni\u00f3n Europea (UE), se fomenta la incorporaci\u00f3n de sistemas de energ\u00edas renovables para el autoconsumo en las empresas del pa\u00eds. &nbsp;<\/p>\n\n\n\n<p>Durante la visita&nbsp;por la vi\u00f1a, la Comisaria estuvo acompa\u00f1ada por una delegaci\u00f3n de la UE&nbsp;y por funcionarios y funcionarias del ministerio. En el lugar, la representante Europea le entreg\u00f3 una placa de reconocimiento a los encargados de Vi\u00f1a Santa Ema, destacando la relevancia de la cooperaci\u00f3n internacional para impulsar el desarrollo de oportunidades verdes en el sector empresarial.&nbsp;<\/p>\n\n\n\n<p>Por su parte, el subsecretario de Energ\u00eda, Luis Felipe Ramos se\u00f1al\u00f3 \u201ceste programa nos permite incorporar energ\u00edas renovables a empresas&nbsp;y de esta forma, hacerlo m\u00e1s competitivo, bajar los costos de consumo de energ\u00eda, pero adem\u00e1s tambi\u00e9n tener menos emisiones de gases de efecto invernadero. Y de esa forma, podemos no solamente hacer que los emprendimientos sean m\u00e1s competitivos, eficientes, sino que adem\u00e1s tambi\u00e9n nos permite avanzar en nuestra meta de alcanzar la carbononeutralidad\u201d.&nbsp;<\/p>\n\n\n\n<p>El concurso brinda apoyo directo a aquellas empresas que buscan ser m\u00e1s sustentables, reduciendo consumos y contribuyendo a la lucha contra el cambio clim\u00e1tico. El uso de energ\u00edas renovables para generar electricidad para autoconsumo energ\u00e9tico permite que las empresas disminuyan sus costos en electricidad y reduzcan la emisi\u00f3n de gases de efecto invernadero.&nbsp;<\/p>\n\n\n\n<p>El proyecto de la vi\u00f1a obtuvo un cofinanciamiento de $39.474.000 para una inversi\u00f3n total de $145.311.646. La planta reduce los costos de electricidad casi un 100%, aumentando as\u00ed su competitividad y disminuyendo sus emisiones en 3.413 toneladas de CO2 a lo largo de su vida \u00fatil.&nbsp;<\/p>\n\n\n\n<p>El Ministerio de Energ\u00eda ha adjudicado 63 proyectos de energ\u00edas renovables con una capacidad de 3,8 MW de potencia el\u00e9ctrica y 0,4 MW de potencia t\u00e9rmica mediante concursos &#8220;Ponle Energ\u00eda a tu Empresa&#8221;. Estos proyectos, que incluyen sistemas fotovoltaicos, bombas de calor aerot\u00e9rmicas y sistemas solares t\u00e9rmicos, mitigar\u00e1n 2.744 TCO2e anualmente, equivalentes a retirar 1.524 veh\u00edculos de circulaci\u00f3n.&nbsp;<\/p>\n\n\n\n<p><strong>*Fotos Uni\u00f3n Europea*<\/strong><\/p>\n\n\n\n<figure class=\"wp-block-image\"><img decoding=\"async\" src=\"https:\/\/energia.gob.cl\/sites\/default\/files\/noticias-galeria\/whatsapp_image_2024-07-03_at_09.45.16_1.jpeg\" alt=\"Comisaria Europea de Energ\u00eda, Kadri Simson, conoci\u00f3 planta fotovoltaica parte de los proyectos de \u201cPonle Energ\u00eda a tu Empresa\u201d  \" title=\"Comisaria Europea de Energ\u00eda, Kadri Simson, conoci\u00f3 planta fotovoltaica parte de los proyectos de \u201cPonle Energ\u00eda a tu Empresa\u201d  \"\/><\/figure>\n\n\n\n<figure class=\"wp-block-image\"><img decoding=\"async\" src=\"https:\/\/energia.gob.cl\/sites\/default\/files\/noticias-galeria\/whatsapp_image_2024-07-03_at_09.45.14.jpeg\" alt=\"Comisaria Europea de Energ\u00eda, Kadri Simson, conoci\u00f3 planta fotovoltaica parte de los proyectos de \u201cPonle Energ\u00eda a tu Empresa\u201d  \" title=\"Comisaria Europea de Energ\u00eda, Kadri Simson, conoci\u00f3 planta fotovoltaica parte de los proyectos de \u201cPonle Energ\u00eda a tu Empresa\u201d  \"\/><\/figure>\n\n\n\n<figure class=\"wp-block-image\"><img decoding=\"async\" src=\"https:\/\/energia.gob.cl\/sites\/default\/files\/noticias-galeria\/whatsapp_image_2024-07-03_at_09.45.20.jpeg\" alt=\"Comisaria Europea de Energ\u00eda, Kadri Simson, conoci\u00f3 planta fotovoltaica parte de los proyectos de \u201cPonle Energ\u00eda a tu Empresa\u201d  \" title=\"Comisaria Europea de Energ\u00eda, Kadri Simson, conoci\u00f3 planta fotovoltaica parte de los proyectos de \u201cPonle Energ\u00eda a tu Empresa\u201d  \"\/><\/figure>\n\n\n\n<figure class=\"wp-block-image\"><img decoding=\"async\" src=\"https:\/\/energia.gob.cl\/sites\/default\/files\/noticias-galeria\/whatsapp_image_2024-07-03_at_09.45.17.jpeg\" alt=\"Comisaria Europea de Energ\u00eda, Kadri Simson, conoci\u00f3 planta fotovoltaica parte de los proyectos de \u201cPonle Energ\u00eda a tu Empresa\u201d  \" title=\"Comisaria Europea de Energ\u00eda, Kadri Simson, conoci\u00f3 planta fotovoltaica parte de los proyectos de \u201cPonle Energ\u00eda a tu Empresa\u201d  \"\/><\/figure>\n\n\n\n<figure class=\"wp-block-image\"><img decoding=\"async\" src=\"https:\/\/energia.gob.cl\/sites\/default\/files\/noticias-galeria\/whatsapp_image_2024-07-03_at_09.45.21.jpeg\" alt=\"Comisaria Europea de Energ\u00eda, Kadri Simson, conoci\u00f3 planta fotovoltaica parte de los proyectos de \u201cPonle Energ\u00eda a tu Empresa\u201d  \" title=\"Comisaria Europea de Energ\u00eda, Kadri Simson, conoci\u00f3 planta fotovoltaica parte de los proyectos de \u201cPonle Energ\u00eda a tu Empresa\u201d  \"\/><\/figure>\n\n\n\n<figure class=\"wp-block-image\"><img decoding=\"async\" src=\"https:\/\/energia.gob.cl\/sites\/default\/files\/noticias-galeria\/whatsapp_image_2024-07-03_at_09.45.12_1.jpeg\" alt=\"Comisaria Europea de Energ\u00eda, Kadri Simson, conoci\u00f3 planta fotovoltaica parte de los proyectos de \u201cPonle Energ\u00eda a tu Empresa\u201d  \" title=\"Comisaria Europea de Energ\u00eda, Kadri Simson, conoci\u00f3 planta fotovoltaica parte de los proyectos de \u201cPonle Energ\u00eda a tu Empresa\u201d  \"\/><\/figure>\n","protected":false},"excerpt":{"rendered":"<p>Hasta las dependencias de Vi\u00f1a Santa Ema, ubicada en Isla de Maipo, en la Regi\u00f3n Metropolitana, lleg\u00f3 la Comisaria Europea de Energ\u00eda, Kadri Simson para conocer uno de los proyectos adjudicados como parte del concurso \u201cPonle Energ\u00eda a tu Empresa\u201d.\u00a0 All\u00ed&nbsp;visit\u00f3&nbsp;la planta fotovoltaica de 265 kW, instalada por Vinos Santa Ema, proyecto con el que, [&hellip;]<\/p>\n","protected":false},"author":7,"featured_media":3898,"comment_status":"open","ping_status":"open","sticky":false,"template":"","format":"standard","meta":{"footnotes":""},"categories":[3],"tags":[],"class_list":["post-3897","post","type-post","status-publish","format-standard","has-post-thumbnail","hentry","category-noticias"],"_links":{"self":[{"href":"https:\/\/autoconsumo.minenergia.cl\/index.php?rest_route=\/wp\/v2\/posts\/3897","targetHints":{"allow":["GET"]}}],"collection":[{"href":"https:\/\/autoconsumo.minenergia.cl\/index.php?rest_route=\/wp\/v2\/posts"}],"about":[{"href":"https:\/\/autoconsumo.minenergia.cl\/index.php?rest_route=\/wp\/v2\/types\/post"}],"author":[{"embeddable":true,"href":"https:\/\/autoconsumo.minenergia.cl\/index.php?rest_route=\/wp\/v2\/users\/7"}],"replies":[{"embeddable":true,"href":"https:\/\/autoconsumo.minenergia.cl\/index.php?rest_route=%2Fwp%2Fv2%2Fcomments&post=3897"}],"version-history":[{"count":1,"href":"https:\/\/autoconsumo.minenergia.cl\/index.php?rest_route=\/wp\/v2\/posts\/3897\/revisions"}],"predecessor-version":[{"id":3899,"href":"https:\/\/autoconsumo.minenergia.cl\/index.php?rest_route=\/wp\/v2\/posts\/3897\/revisions\/3899"}],"wp:featuredmedia":[{"embeddable":true,"href":"https:\/\/autoconsumo.minenergia.cl\/index.php?rest_route=\/wp\/v2\/media\/3898"}],"wp:attachment":[{"href":"https:\/\/autoconsumo.minenergia.cl\/index.php?rest_route=%2Fwp%2Fv2%2Fmedia&parent=3897"}],"wp:term":[{"taxonomy":"category","embeddable":true,"href":"https:\/\/autoconsumo.minenergia.cl\/index.php?rest_route=%2Fwp%2Fv2%2Fcategories&post=3897"},{"taxonomy":"post_tag","embeddable":true,"href":"https:\/\/autoconsumo.minenergia.cl\/index.php?rest_route=%2Fwp%2Fv2%2Ftags&post=3897"}],"curies":[{"name":"wp","href":"https:\/\/api.w.org\/{rel}","templated":true}]}}