{"id":3900,"date":"2024-08-19T20:09:00","date_gmt":"2024-08-19T20:09:00","guid":{"rendered":"https:\/\/autoconsumo.minenergia.cl\/?p=3900"},"modified":"2024-12-18T20:09:31","modified_gmt":"2024-12-18T20:09:31","slug":"seremi-de-energia-entrega-reconocimiento-a-proyecto-ganador-del-programa-ponle-energia-a-tu-empresa","status":"publish","type":"post","link":"https:\/\/autoconsumo.minenergia.cl\/?p=3900","title":{"rendered":"Seremi de Energ\u00eda entrega reconocimiento a proyecto ganador del Programa Ponle Energ\u00eda a Tu Empresa"},"content":{"rendered":"\n<figure class=\"wp-block-image size-full\"><img loading=\"lazy\" decoding=\"async\" width=\"525\" height=\"310\" src=\"https:\/\/autoconsumo.minenergia.cl\/wp-content\/uploads\/2024\/12\/image-22.png\" alt=\"\" class=\"wp-image-3901\" srcset=\"https:\/\/autoconsumo.minenergia.cl\/wp-content\/uploads\/2024\/12\/image-22.png 525w, https:\/\/autoconsumo.minenergia.cl\/wp-content\/uploads\/2024\/12\/image-22-300x177.png 300w\" sizes=\"auto, (max-width: 525px) 100vw, 525px\" \/><\/figure>\n\n\n\n<p>La Seremi de Energ\u00eda, Daniela Espinoza, entreg\u00f3 un reconocimiento a la Cl\u00ednica Andes Salud, ganadora del Programa Ponle Energ\u00eda a Tu Empresa, por su destacado proyecto t\u00e9rmico que incorpora una bomba de calor aerot\u00e9rmica, dise\u00f1ada para reemplazar el uso de gas natural. Esta iniciativa representa una inversi\u00f3n que super\u00f3 los 60 millones de pesos, de los cuales m\u00e1s de la mitad fue financiada por el Ministerio de Energ\u00eda.<\/p>\n\n\n\n<p>El Programa Ponle Energ\u00eda a Tu Empresa es un instrumento de fomento del Ministerio de Energ\u00eda que otorga cofinanciamiento no reembolsable a beneficiarios para implementar proyectos de autoconsumo basados en energ\u00edas renovables. A trav\u00e9s de este concurso, se busca incentivar la inversi\u00f3n en proyectos que permitan reducir los costos de energ\u00eda y las emisiones de CO2 al medio ambiente, beneficiando a micro, peque\u00f1as, medianas y grandes empresas.<\/p>\n\n\n\n<p>La Seremi de Energ\u00eda, Daniela Espinoza, destac\u00f3 la importancia de este tipo de iniciativas. \u201cEstamos muy orgullosos de reconocer el esfuerzo de la Cl\u00ednica Andes Salud. Proyectos como este no solo contribuyen a la sostenibilidad energ\u00e9tica, sino que tambi\u00e9n marcan un camino hacia un futuro m\u00e1s limpio y responsable. La colaboraci\u00f3n entre el sector p\u00fablico y privado es fundamental para lograr nuestros objetivos clim\u00e1ticos. Es imperativo que sigamos fomentando y apoyando este tipo de inversiones, ya que cada paso hacia la implementaci\u00f3n de energ\u00edas renovables es un paso hacia la independencia energ\u00e9tica y la protecci\u00f3n de nuestro planeta. Queremos inspirar a m\u00e1s empresas a seguir este ejemplo, demostrando que el compromiso con el medio ambiente es compatible con el desarrollo econ\u00f3mico y la innovaci\u00f3n tecnol\u00f3gica\u201d.<\/p>\n\n\n\n<p>Por su parte, el Gerente General de la Cl\u00ednica Andes Salud, Eduardo Serradilla, expres\u00f3 su agradecimiento, \u201cEstamos orgullosos del esfuerzo que se hizo internamente por apostar por energ\u00edas verdes y que \u00e9ste haya sido reconocido por las autoridades m\u00e1ximas regionales. Estamos muy agradecidos por el reconocimiento.\u201d<\/p>\n\n\n\n<p>Este proyecto es parte de una iniciativa liderada por el Ministerio de Energ\u00eda y se financia con fondos de la Mitigation Action Facility, por encargo del Ministerio Federal de Econom\u00eda y Protecci\u00f3n del Clima (BMWK) de Alemania, el Departamento de Seguridad Energ\u00e9tica y Cero Neto (DESNZ) del Reino Unido, el Ministerio de Clima, Energ\u00eda y Servicios P\u00fablicos (KEFM) de Dinamarca, el Ministerio de Asuntos Exteriores (MFA) de Dinamarca, la Uni\u00f3n Europea y la Fundaci\u00f3n del Fondo de Inversi\u00f3n para la Infancia.<\/p>\n\n\n\n<p>Para el Subgerente de Operaciones de Cl\u00ednica Andes Salud, Diego D\u00edaz, esta iniciativa permitir\u00e1 lograr significativas mejoras en el recinto. \u201cEste proyecto se basa en utilizar la energ\u00eda el\u00e9ctrica para calentar el agua a trav\u00e9s de bombas de calor, lo cual nos permite reducir nuestros \u00edndices de CO2 en aproximadamente un 30%. Hasta la fecha hemos logrado importantes mejoras en el proceso de manipulaci\u00f3n, lo cual nos permite obtener buenos resultados\u201d<\/p>\n\n\n\n<p>En el Biob\u00edo 11 proyectos se han adjudicado el Programa Ponle Energ\u00eda a Tu Emprensa, con una inversi\u00f3n superior a los MM $ 180 de cofinanciamiento por parte del Ministerio.<\/p>\n","protected":false},"excerpt":{"rendered":"<p>La Seremi de Energ\u00eda, Daniela Espinoza, entreg\u00f3 un reconocimiento a la Cl\u00ednica Andes Salud, ganadora del Programa Ponle Energ\u00eda a Tu Empresa, por su destacado proyecto t\u00e9rmico que incorpora una bomba de calor aerot\u00e9rmica, dise\u00f1ada para reemplazar el uso de gas natural. Esta iniciativa representa una inversi\u00f3n que super\u00f3 los 60 millones de pesos, de [&hellip;]<\/p>\n","protected":false},"author":7,"featured_media":3901,"comment_status":"open","ping_status":"open","sticky":false,"template":"","format":"standard","meta":{"footnotes":""},"categories":[3],"tags":[],"class_list":["post-3900","post","type-post","status-publish","format-standard","has-post-thumbnail","hentry","category-noticias"],"_links":{"self":[{"href":"https:\/\/autoconsumo.minenergia.cl\/index.php?rest_route=\/wp\/v2\/posts\/3900","targetHints":{"allow":["GET"]}}],"collection":[{"href":"https:\/\/autoconsumo.minenergia.cl\/index.php?rest_route=\/wp\/v2\/posts"}],"about":[{"href":"https:\/\/autoconsumo.minenergia.cl\/index.php?rest_route=\/wp\/v2\/types\/post"}],"author":[{"embeddable":true,"href":"https:\/\/autoconsumo.minenergia.cl\/index.php?rest_route=\/wp\/v2\/users\/7"}],"replies":[{"embeddable":true,"href":"https:\/\/autoconsumo.minenergia.cl\/index.php?rest_route=%2Fwp%2Fv2%2Fcomments&post=3900"}],"version-history":[{"count":1,"href":"https:\/\/autoconsumo.minenergia.cl\/index.php?rest_route=\/wp\/v2\/posts\/3900\/revisions"}],"predecessor-version":[{"id":3902,"href":"https:\/\/autoconsumo.minenergia.cl\/index.php?rest_route=\/wp\/v2\/posts\/3900\/revisions\/3902"}],"wp:featuredmedia":[{"embeddable":true,"href":"https:\/\/autoconsumo.minenergia.cl\/index.php?rest_route=\/wp\/v2\/media\/3901"}],"wp:attachment":[{"href":"https:\/\/autoconsumo.minenergia.cl\/index.php?rest_route=%2Fwp%2Fv2%2Fmedia&parent=3900"}],"wp:term":[{"taxonomy":"category","embeddable":true,"href":"https:\/\/autoconsumo.minenergia.cl\/index.php?rest_route=%2Fwp%2Fv2%2Fcategories&post=3900"},{"taxonomy":"post_tag","embeddable":true,"href":"https:\/\/autoconsumo.minenergia.cl\/index.php?rest_route=%2Fwp%2Fv2%2Ftags&post=3900"}],"curies":[{"name":"wp","href":"https:\/\/api.w.org\/{rel}","templated":true}]}}