{"id":3903,"date":"2024-08-26T20:11:00","date_gmt":"2024-08-26T20:11:00","guid":{"rendered":"https:\/\/autoconsumo.minenergia.cl\/?p=3903"},"modified":"2024-12-19T12:27:32","modified_gmt":"2024-12-19T12:27:32","slug":"ministerio-de-energia-entrego-reconocimiento-a-proyecto-de-ponle-energia-a-tu-empresa-en-bulnes","status":"publish","type":"post","link":"https:\/\/autoconsumo.minenergia.cl\/?p=3903","title":{"rendered":"Ministerio de Energ\u00eda entreg\u00f3 reconocimiento a proyecto de \u201cPonle Energ\u00eda a Tu Empresa\u201d en Bulnes"},"content":{"rendered":"\n<figure class=\"wp-block-image size-full\"><img loading=\"lazy\" decoding=\"async\" width=\"525\" height=\"310\" src=\"https:\/\/autoconsumo.minenergia.cl\/wp-content\/uploads\/2024\/12\/image-23.png\" alt=\"\" class=\"wp-image-3904\" srcset=\"https:\/\/autoconsumo.minenergia.cl\/wp-content\/uploads\/2024\/12\/image-23.png 525w, https:\/\/autoconsumo.minenergia.cl\/wp-content\/uploads\/2024\/12\/image-23-300x177.png 300w\" sizes=\"auto, (max-width: 525px) 100vw, 525px\" \/><\/figure>\n\n\n\n<p><em>El Subsecretario de Energ\u00eda, Luis Felipe Ramos, junto al Seremi, Dennis Rivas, visitaron planta fotovoltaica de 270 kW, emplazada en frigor\u00edfico de \u201cCecinas Don Pascual\u201d, para conocer las instalaciones.<\/em><\/p>\n\n\n\n<p><a>\u201cPonle Energ\u00eda a tu Empresa\u201d es un instrumento de fomento del Ministerio de Energ\u00eda, que busca otorgar un cofinanciamiento no reembolsable a un\/a beneficiario\/a para la implementaci\u00f3n de proyectos de autoconsumo en base a energ\u00edas renovables. A trav\u00e9s del Concurso, se busca incentivar la inversi\u00f3n en este tipo de proyectos, que resulten en reducci\u00f3n en los costos de energ\u00eda y reduzcan las emisiones de CO2 al medio ambiente.<\/a><\/p>\n\n\n\n<p>En la regi\u00f3n de \u00d1uble, \u201cCecinas Don Pascual\u201d es una de las empresas beneficiadas con este impulso para el desarrollo de autogeneraci\u00f3n energ\u00e9tica, mediante la instalaci\u00f3n de una planta solar de 270 kW, que energizar\u00e1 el proceso productivo del nuevo frigor\u00edfico del establecimiento, con una inversi\u00f3n de $167 millones, de los cuales 40 corresponden al aporte del Ministerio de Energ\u00eda, con el apoyo de la&nbsp;<em>Mitigation Action Facility<\/em>, a trav\u00e9s de recursos de Alemania, Reino Unido, Dinamarca, la Uni\u00f3n Europa y el Fondo de Inversi\u00f3n para la Infancia (CIFF).<\/p>\n\n\n\n<p><em>&#8220;Entregamos el reconocimiento a &#8220;Cecinas Don Pascual&#8221; por la instalaci\u00f3n de un sistema de autoproducci\u00f3n fotovoltaica que permitir\u00e1 a la empresa generar energ\u00eda para su autoabastecimiento y, de esta forma, ir mitigando los gases de efecto invernadero, pero tambi\u00e9n teniendo procesos m\u00e1s eficientes y con menor impacto<\/em>&#8221; se\u00f1al\u00f3 el Subsecretario de Energ\u00eda, Luis Felipe Ramos.<\/p>\n\n\n\n<p>Desde \u201cCecinas Don Pascual\u201d, su due\u00f1o, Ricardo Ramos, agradeci\u00f3 el impulso obtenido a trav\u00e9s de \u201cPonle Energ\u00eda a tu Empresa\u201d y a\u00f1adi\u00f3 que &#8220;este es un proyecto muy interesante, que se nos dio a trav\u00e9s del Gobierno y que hoy se ve materializado con la visita del Subsecretario&#8221;, a lo cual agreg\u00f3 que &nbsp;<em>\u201ces fundamental avanzar en el desarrollo de energ\u00edas limpias, es lo que se nos viene hoy d\u00eda, disminuir la huella de carbono y ha eso estamos apostando, a seguir proyect\u00e1ndonos con energ\u00edas verdes para un mejor pa\u00eds y un mejor mundo&#8221;.<\/em><\/p>\n\n\n\n<p>Y, desde la cartera energ\u00e9tica regional, el Seremi de \u00d1uble, Dennis Rivas Oviedo destac\u00f3 la oportunidad que representa este tipo de inversiones, se\u00f1alando que&nbsp;<em>&#8220;estamos muy contentos de que este tipo de proyectos, que utilizan energ\u00edas renovables no convencionales, tributen al crecimiento de nuestra regi\u00f3n de \u00d1uble. Es un claro ejemplo, de que las empresas pueden invertir en nuestra regi\u00f3n y autoabastecerse energ\u00e9ticamente&#8221;.<\/em><\/p>\n\n\n\n<p>La planta solar cubrir\u00e1 la demanda energ\u00e9tica del nuevo frigor\u00edfico de \u201cCecinas Don Pascual\u201d, el cual tiene como objetivo almacenar un mill\u00f3n de kilos de carne, otorgando trabajo a casi un centenar de vecinas y vecinos de la comuna, contando con su punto de venta en calle Arturo Prat #634, Bulnes.<\/p>\n","protected":false},"excerpt":{"rendered":"<p>El Subsecretario de Energ\u00eda, Luis Felipe Ramos, junto al Seremi, Dennis Rivas, visitaron planta fotovoltaica de 270 kW, emplazada en frigor\u00edfico de \u201cCecinas Don Pascual\u201d, para conocer las instalaciones. \u201cPonle Energ\u00eda a tu Empresa\u201d es un instrumento de fomento del Ministerio de Energ\u00eda, que busca otorgar un cofinanciamiento no reembolsable a un\/a beneficiario\/a para la [&hellip;]<\/p>\n","protected":false},"author":7,"featured_media":3026,"comment_status":"open","ping_status":"open","sticky":false,"template":"","format":"standard","meta":{"footnotes":""},"categories":[3],"tags":[],"class_list":["post-3903","post","type-post","status-publish","format-standard","has-post-thumbnail","hentry","category-noticias"],"_links":{"self":[{"href":"https:\/\/autoconsumo.minenergia.cl\/index.php?rest_route=\/wp\/v2\/posts\/3903","targetHints":{"allow":["GET"]}}],"collection":[{"href":"https:\/\/autoconsumo.minenergia.cl\/index.php?rest_route=\/wp\/v2\/posts"}],"about":[{"href":"https:\/\/autoconsumo.minenergia.cl\/index.php?rest_route=\/wp\/v2\/types\/post"}],"author":[{"embeddable":true,"href":"https:\/\/autoconsumo.minenergia.cl\/index.php?rest_route=\/wp\/v2\/users\/7"}],"replies":[{"embeddable":true,"href":"https:\/\/autoconsumo.minenergia.cl\/index.php?rest_route=%2Fwp%2Fv2%2Fcomments&post=3903"}],"version-history":[{"count":1,"href":"https:\/\/autoconsumo.minenergia.cl\/index.php?rest_route=\/wp\/v2\/posts\/3903\/revisions"}],"predecessor-version":[{"id":3905,"href":"https:\/\/autoconsumo.minenergia.cl\/index.php?rest_route=\/wp\/v2\/posts\/3903\/revisions\/3905"}],"wp:featuredmedia":[{"embeddable":true,"href":"https:\/\/autoconsumo.minenergia.cl\/index.php?rest_route=\/wp\/v2\/media\/3026"}],"wp:attachment":[{"href":"https:\/\/autoconsumo.minenergia.cl\/index.php?rest_route=%2Fwp%2Fv2%2Fmedia&parent=3903"}],"wp:term":[{"taxonomy":"category","embeddable":true,"href":"https:\/\/autoconsumo.minenergia.cl\/index.php?rest_route=%2Fwp%2Fv2%2Fcategories&post=3903"},{"taxonomy":"post_tag","embeddable":true,"href":"https:\/\/autoconsumo.minenergia.cl\/index.php?rest_route=%2Fwp%2Fv2%2Ftags&post=3903"}],"curies":[{"name":"wp","href":"https:\/\/api.w.org\/{rel}","templated":true}]}}