{"id":3909,"date":"2024-11-07T20:16:00","date_gmt":"2024-11-07T20:16:00","guid":{"rendered":"https:\/\/autoconsumo.minenergia.cl\/?p=3909"},"modified":"2024-12-18T20:17:04","modified_gmt":"2024-12-18T20:17:04","slug":"liderada-por-la-seremia-de-energia-de-la-rm-se-lleva-a-cabo-ceremonia-de-entrega-a-beneficiarios-de-los-concursos-ponle-energia-a-tu-pyme-2022-y-ponle-energia-a-tu-empresa-2","status":"publish","type":"post","link":"https:\/\/autoconsumo.minenergia.cl\/?p=3909","title":{"rendered":"Liderada por la Seremia de Energ\u00eda de la RM se lleva a cabo ceremonia de entrega a beneficiarios de los concursos \u201cPonle Energ\u00eda a tu Pyme 2022\u201d y \u201cPonle Energ\u00eda a tu Empresa 2023\u201d."},"content":{"rendered":"\n<p>Instancia ejecutada por la Agencia de Sostenibilidad Energ\u00e9tica e impulsada por el Ministerio de Energ\u00eda, reconoce el compromiso con la sostenibilidad y la carbono neutralidad.<\/p>\n\n\n\n<hr class=\"wp-block-separator has-alpha-channel-opacity\"\/>\n\n\n\n<figure class=\"wp-block-image size-full\"><img loading=\"lazy\" decoding=\"async\" width=\"524\" height=\"310\" src=\"https:\/\/autoconsumo.minenergia.cl\/wp-content\/uploads\/2024\/12\/image-25.png\" alt=\"\" class=\"wp-image-3910\" srcset=\"https:\/\/autoconsumo.minenergia.cl\/wp-content\/uploads\/2024\/12\/image-25.png 524w, https:\/\/autoconsumo.minenergia.cl\/wp-content\/uploads\/2024\/12\/image-25-300x177.png 300w\" sizes=\"auto, (max-width: 524px) 100vw, 524px\" \/><\/figure>\n\n\n\n<p>En el marco de la semana de la pyme y liderada por la Seremia de Energ\u00eda de la RM, se llev\u00f3 a cabo la ceremonia de entrega de reconocimientos a beneficiarios de los programas \u201cPonle Energ\u00eda a tu Pyme 2022\u201d y \u201cPonle Energ\u00eda a tu Empresa 2023\u201d ejecutados por la Agencia de Sostenibilidad Energ\u00e9tica e impulsados por el Ministerio de Energ\u00eda.<\/p>\n\n\n\n<p>Durante la actividad, el Seremi de Energ\u00eda, Iv\u00e1n Mor\u00e1n, precis\u00f3 que las empresas reconocidas este a\u00f1o demuestran que \u201cse puede producir bien y mejor. Ser eficientes energ\u00e9ticamente no implica que vamos a perder calidad de vida, de productos y servicios; muy por el contrario, con ello se ahorran costos y las industrias ganan m\u00e1s\u201d.<\/p>\n\n\n\n<p>Por su parte, el rector de la Usach, Rodrigo Vidal, anfitri\u00f3n de esta ceremonia en el Planetario, inst\u00f3 a los chilenos y chilenas a cambiar su matriz de consumo. \u201d<strong>Necesitamos mucha electromovilidad, porque el ingreso de 35 mil autom\u00f3viles mensualmente al pa\u00eds se hace insostenible.<\/strong>&nbsp;Como urbanista yo pienso que lo que tenemos que hacer es transformar las calles en peatonales y dejar los veh\u00edculos guardados en casa\u201d, remarc\u00f3.<\/p>\n\n\n\n<p>Al cierre de la ceremonia fue Marko Escobar, coordinador general de ULMEN S.A , industria dedicada a la fabricaci\u00f3n y comercializaci\u00f3n de&nbsp;<strong>aditivos para concretos y morteros<\/strong>, quien relat\u00f3 su experiencia al participar en el concurso Ponle Energ\u00eda a tu Empresa.<\/p>\n\n\n\n<p>ULMEN S.A implement\u00f3 un&nbsp;<strong>sistema fotovoltaico que busc\u00f3 ahorrar energ\u00eda el\u00e9ctrica disminuyendo el uso de bater\u00edas, reemplaz\u00e1ndolas por paneles solares.<\/strong>&nbsp;Los resultados fueron notables. \u201cEn agosto, septiembre y octubre hemos tenido consumo cero de energ\u00eda.&nbsp;&nbsp;<strong>Nuestro medidor de luz est\u00e1 congelado desde fines de julio<\/strong>, as\u00ed que para nosotros es muy importante difundir esta iniciativa y masificarlo\u201d, coment\u00f3 Escobar.<\/p>\n\n\n\n<p>Entre las empresas destacadas por el Ministerio de Energ\u00eda est\u00e1n: MAS Punto Servicios Ambientales Limitada; Inversiones Vizcachas SPA; Eco-l\u00f3gica S.A; Maltexco S.A; Flexichile Limitada; Enercity;&nbsp; E-Mobility, Terralink, Rising Sun y Solinet Electricidad Solar.<\/p>\n","protected":false},"excerpt":{"rendered":"<p>Instancia ejecutada por la Agencia de Sostenibilidad Energ\u00e9tica e impulsada por el Ministerio de Energ\u00eda, reconoce el compromiso con la sostenibilidad y la carbono neutralidad. En el marco de la semana de la pyme y liderada por la Seremia de Energ\u00eda de la RM, se llev\u00f3 a cabo la ceremonia de entrega de reconocimientos a [&hellip;]<\/p>\n","protected":false},"author":7,"featured_media":3910,"comment_status":"open","ping_status":"open","sticky":false,"template":"","format":"standard","meta":{"footnotes":""},"categories":[3],"tags":[],"class_list":["post-3909","post","type-post","status-publish","format-standard","has-post-thumbnail","hentry","category-noticias"],"_links":{"self":[{"href":"https:\/\/autoconsumo.minenergia.cl\/index.php?rest_route=\/wp\/v2\/posts\/3909","targetHints":{"allow":["GET"]}}],"collection":[{"href":"https:\/\/autoconsumo.minenergia.cl\/index.php?rest_route=\/wp\/v2\/posts"}],"about":[{"href":"https:\/\/autoconsumo.minenergia.cl\/index.php?rest_route=\/wp\/v2\/types\/post"}],"author":[{"embeddable":true,"href":"https:\/\/autoconsumo.minenergia.cl\/index.php?rest_route=\/wp\/v2\/users\/7"}],"replies":[{"embeddable":true,"href":"https:\/\/autoconsumo.minenergia.cl\/index.php?rest_route=%2Fwp%2Fv2%2Fcomments&post=3909"}],"version-history":[{"count":1,"href":"https:\/\/autoconsumo.minenergia.cl\/index.php?rest_route=\/wp\/v2\/posts\/3909\/revisions"}],"predecessor-version":[{"id":3911,"href":"https:\/\/autoconsumo.minenergia.cl\/index.php?rest_route=\/wp\/v2\/posts\/3909\/revisions\/3911"}],"wp:featuredmedia":[{"embeddable":true,"href":"https:\/\/autoconsumo.minenergia.cl\/index.php?rest_route=\/wp\/v2\/media\/3910"}],"wp:attachment":[{"href":"https:\/\/autoconsumo.minenergia.cl\/index.php?rest_route=%2Fwp%2Fv2%2Fmedia&parent=3909"}],"wp:term":[{"taxonomy":"category","embeddable":true,"href":"https:\/\/autoconsumo.minenergia.cl\/index.php?rest_route=%2Fwp%2Fv2%2Fcategories&post=3909"},{"taxonomy":"post_tag","embeddable":true,"href":"https:\/\/autoconsumo.minenergia.cl\/index.php?rest_route=%2Fwp%2Fv2%2Ftags&post=3909"}],"curies":[{"name":"wp","href":"https:\/\/api.w.org\/{rel}","templated":true}]}}