{"id":3952,"date":"2024-11-04T17:45:38","date_gmt":"2024-11-04T17:45:38","guid":{"rendered":"https:\/\/autoconsumo.minenergia.cl\/?p=3952"},"modified":"2025-01-23T17:59:50","modified_gmt":"2025-01-23T17:59:50","slug":"el-proyecto-autoconsumo-con-energias-renovables-en-chile-de-la-mitigacion-action-facility-ue-liderado-por-el-ministerio-de-energia-recibe-visita-de-la-kfw","status":"publish","type":"post","link":"https:\/\/autoconsumo.minenergia.cl\/?p=3952","title":{"rendered":"El proyecto \u201cAutoconsumo con energ\u00edas renovables en Chile\u201d de Mitigaci\u00f3n Action Facility \u2013 UE, liderado por el Ministerio de Energ\u00eda recibe visita de la KfW"},"content":{"rendered":"\n<p>La transici\u00f3n energ\u00e9tica se ha convertido en un actor protag\u00f3nico para frenar el avance del cambio clim\u00e1tico y todas las alternativas que apunten a obtener resultados m\u00e1s eficientes en esta materia toman especial relevancia. Si consideramos que m\u00e1s del 38% del consumo de energ\u00eda es utilizada por el sector de la industria y miner\u00eda, el autoconsumo surge como una alternativa clave para que las empresas puedan generar su propia energ\u00eda a trav\u00e9s de fuentes renovables, sum\u00e1ndose as\u00ed al desaf\u00edo que impone la crisis clim\u00e1tica y lograr la carbono-neutralidad del pa\u00eds para el a\u00f1o 2050.<\/p>\n\n\n\n<p>Es en ese contexto que el Ministerio de Energ\u00eda ha trabajado para estimular la creaci\u00f3n de instrumentos financieros y de apoyo t\u00e9cnico para el desarrollo de proyectos de autoconsumo en su compromiso por apoyar a las empresas en el proceso de cambio hacia las energ\u00edas limpias. Una de las iniciativas implementadas es el concurso <strong>\u201cPonle Energ\u00eda a tu Empresa\u201d<\/strong>, que cont\u00f3 con un fondo de $1.200 millones de pesos, y entreg\u00f3 un cofinanciamiento de hasta $60.000.000 para implementar proyectos de autoconsumo, tanto para proyectos el\u00e9ctricos y t\u00e9rmicos, dirigido a micro, peque\u00f1as, medianas y grandes empresas.<\/p>\n\n\n\n<p>\u201cPonle Energ\u00eda a tu Empresa\u201d se enmarc\u00f3 en el proyecto \u201cAutoconsumo con energ\u00edas renovables en Chile\u201d, financiado con fondos de la Mitigaci\u00f3n Action Facility \u2013 Uni\u00f3n Europea, que apoya a las empresas para que incorporen sistemas de generaci\u00f3n en base a energ\u00edas renovables, que les permiten ahorros en los costos de energ\u00eda y reducci\u00f3n de las emisiones de CO2.<\/p>\n\n\n\n<p>En el marco de la <strong>visita a Chile del jefe de la Divisi\u00f3n de Finanzas Sostenibles y Energ\u00eda en Am\u00e9rica Latina y el Caribe del Banco de Desarrollo KfW, el Sr Jan Blum<\/strong>, el d\u00eda 5 de noviembre del 2024, junto a profesionales de la Unidad de Sectores Productivos del Ministerio de Energ\u00eda, se visitaron dos proyectos del concurso en la Reg\u00edon Metropolitana, con el objeto de conocer sus principales caracter\u00edsticas y resultados del funcionamiento obtenido a la fecha: &nbsp;<\/p>\n\n\n\n<ul class=\"wp-block-list\">\n<li><strong>Bomba de calor aerot\u00e9rmica de 200 kWt<\/strong> de Talbot Hotels S.A., en el hotel Holiday Inn ubicado en el Aeropuerto de Santiago, comuna de Pudahuel. El proyecto ejecutado por la empresa Efizity el 2021, con un costo total neto de 127 millones de pesos, recibi\u00f3 un 47% de cofinanciamiento. Se proyecta que mitigue 7749 toneladas CO<sub>2eq<\/sub> durante su vida \u00fatil (20 a\u00f1os), reemplazando el uso de combustible Diesel.<\/li>\n<\/ul>\n\n\n\n<figure class=\"wp-block-image size-large\"><img loading=\"lazy\" decoding=\"async\" width=\"1024\" height=\"384\" src=\"https:\/\/autoconsumo.minenergia.cl\/wp-content\/uploads\/2025\/01\/image-1024x384.png\" alt=\"\" class=\"wp-image-3953\" srcset=\"https:\/\/autoconsumo.minenergia.cl\/wp-content\/uploads\/2025\/01\/image-1024x384.png 1024w, https:\/\/autoconsumo.minenergia.cl\/wp-content\/uploads\/2025\/01\/image-300x113.png 300w, https:\/\/autoconsumo.minenergia.cl\/wp-content\/uploads\/2025\/01\/image-768x288.png 768w, https:\/\/autoconsumo.minenergia.cl\/wp-content\/uploads\/2025\/01\/image-660x248.png 660w, https:\/\/autoconsumo.minenergia.cl\/wp-content\/uploads\/2025\/01\/image.png 1333w\" sizes=\"auto, (max-width: 1024px) 100vw, 1024px\" \/><\/figure>\n\n\n\n<ul class=\"wp-block-list\">\n<li><strong>Sistema fotovoltaico conectado a la red bajo la ley de generaci\u00f3n distribuida de 33 kW con 9,6 kW de almacenamiento<\/strong>, en la industria ULMEN, empresa dedicada a la fabricaci\u00f3n y comercializaci\u00f3n de aditivos para concretos y morteros, ubicada en la comuna de La Pintana. El proyecto ejecutado por la empresa Solinet Electricidad Solar el 2023, tuvo costo total neto de 38,5 millones de pesos, recibi\u00f3 un 50% de cofinanciamiento. Se proyecta que mitigue 275 toneladas CO<sub>2eq<\/sub> durante su vida \u00fatil (20 a\u00f1os), reemplazando el uso de electricidad de la red.<\/li>\n<\/ul>\n\n\n\n<figure class=\"wp-block-image size-large\"><img loading=\"lazy\" decoding=\"async\" width=\"1024\" height=\"767\" src=\"https:\/\/autoconsumo.minenergia.cl\/wp-content\/uploads\/2024\/11\/XIII-La-Pintana-324.-Ulmen-SA-1024x767.jpg\" alt=\"\" class=\"wp-image-3960\" srcset=\"https:\/\/autoconsumo.minenergia.cl\/wp-content\/uploads\/2024\/11\/XIII-La-Pintana-324.-Ulmen-SA-1024x767.jpg 1024w, https:\/\/autoconsumo.minenergia.cl\/wp-content\/uploads\/2024\/11\/XIII-La-Pintana-324.-Ulmen-SA-300x225.jpg 300w, https:\/\/autoconsumo.minenergia.cl\/wp-content\/uploads\/2024\/11\/XIII-La-Pintana-324.-Ulmen-SA-768x575.jpg 768w, https:\/\/autoconsumo.minenergia.cl\/wp-content\/uploads\/2024\/11\/XIII-La-Pintana-324.-Ulmen-SA-1536x1151.jpg 1536w, https:\/\/autoconsumo.minenergia.cl\/wp-content\/uploads\/2024\/11\/XIII-La-Pintana-324.-Ulmen-SA-2048x1534.jpg 2048w, https:\/\/autoconsumo.minenergia.cl\/wp-content\/uploads\/2024\/11\/XIII-La-Pintana-324.-Ulmen-SA-660x495.jpg 660w\" sizes=\"auto, (max-width: 1024px) 100vw, 1024px\" \/><\/figure>\n\n\n\n<p>El programa Ponle energ\u00eda a tu empresa sin duda logr\u00f3 resultados muy positivos para la industria y el pa\u00eds, el cual se suma a otras exitosas opciones de financiamiento y acompa\u00f1amiento t\u00e9cnico promovidos por el Ministerio, como lo son <a href=\"https:\/\/www.bancoestado.cl\/content\/bancoestado-public\/cl\/es\/home\/home\/productos-\/impacto-verde.html#\/\" data-type=\"link\" data-id=\"https:\/\/www.bancoestado.cl\/content\/bancoestado-public\/cl\/es\/home\/home\/productos-\/impacto-verde.html#\/\" target=\"_blank\" rel=\"noreferrer noopener\"><strong><u>Mundo Verde de Banco Estado<\/u><\/strong>,<\/a> el primer cr\u00e9dito especializado para el financiamiento de proyectos de autoconsumo mediante Energ\u00edas Renovables y Eficiencia Energ\u00e9tica, y <strong><u><a href=\"https:\/\/mipymes.gestionaenergia.cl\/\" data-type=\"link\" data-id=\"https:\/\/mipymes.gestionaenergia.cl\/\" target=\"_blank\" rel=\"noreferrer noopener\">Gestiona Energ\u00eda MiPyMEs<\/a>,<\/u><\/strong> programa regional que entrega apoyo t\u00e9cnico para las Micro, Peque\u00f1as y Medianas Empresas para implementar proyectos de eficiencia energ\u00e9tica y energ\u00edas renovables para autoconsumo en el sector productivo.<\/p>\n\n\n\n<p>Esta iniciativa fue liderada por el Ministerio de Energ\u00eda, financiada con fondos de la Mitigation Action Facility por encargo del Ministerio Federal de Econom\u00eda y Protecci\u00f3n del Clima (BMWK) de Alemania, el Departamento de Seguridad Energ\u00e9tica y Cero Neto (DESNZ) del Reino Unido, el Ministerio de Clima Energ\u00eda y Servicios P\u00fablicos (KEFM) de Dinamarca, el Ministerio de Asuntos Exteriores (MFA) de Dinamarca, la Uni\u00f3n Europea y la Fundaci\u00f3n del Fondo de Inversi\u00f3n para la Infancia (CIFF), a trav\u00e9s del KfW.<\/p>\n\n\n\n<figure class=\"wp-block-image size-large\"><img loading=\"lazy\" decoding=\"async\" width=\"1024\" height=\"289\" src=\"https:\/\/autoconsumo.minenergia.cl\/wp-content\/uploads\/2025\/01\/image-1-1024x289.png\" alt=\"\" class=\"wp-image-3955\" srcset=\"https:\/\/autoconsumo.minenergia.cl\/wp-content\/uploads\/2025\/01\/image-1-1024x289.png 1024w, https:\/\/autoconsumo.minenergia.cl\/wp-content\/uploads\/2025\/01\/image-1-300x85.png 300w, https:\/\/autoconsumo.minenergia.cl\/wp-content\/uploads\/2025\/01\/image-1-768x217.png 768w, https:\/\/autoconsumo.minenergia.cl\/wp-content\/uploads\/2025\/01\/image-1-1536x434.png 1536w, https:\/\/autoconsumo.minenergia.cl\/wp-content\/uploads\/2025\/01\/image-1-660x187.png 660w, https:\/\/autoconsumo.minenergia.cl\/wp-content\/uploads\/2025\/01\/image-1.png 1606w\" sizes=\"auto, (max-width: 1024px) 100vw, 1024px\" \/><\/figure>\n\n\n\n<figure class=\"wp-block-image size-large\"><img loading=\"lazy\" decoding=\"async\" width=\"1024\" height=\"768\" src=\"https:\/\/autoconsumo.minenergia.cl\/wp-content\/uploads\/2025\/01\/talbot-1024x768.jpg\" alt=\"\" class=\"wp-image-3957\" srcset=\"https:\/\/autoconsumo.minenergia.cl\/wp-content\/uploads\/2025\/01\/talbot-1024x768.jpg 1024w, https:\/\/autoconsumo.minenergia.cl\/wp-content\/uploads\/2025\/01\/talbot-300x225.jpg 300w, https:\/\/autoconsumo.minenergia.cl\/wp-content\/uploads\/2025\/01\/talbot-768x576.jpg 768w, https:\/\/autoconsumo.minenergia.cl\/wp-content\/uploads\/2025\/01\/talbot-1536x1152.jpg 1536w, https:\/\/autoconsumo.minenergia.cl\/wp-content\/uploads\/2025\/01\/talbot-2048x1536.jpg 2048w, https:\/\/autoconsumo.minenergia.cl\/wp-content\/uploads\/2025\/01\/talbot-660x495.jpg 660w\" sizes=\"auto, (max-width: 1024px) 100vw, 1024px\" \/><\/figure>\n","protected":false},"excerpt":{"rendered":"<p>La transici\u00f3n energ\u00e9tica se ha convertido en un actor protag\u00f3nico para frenar el avance del cambio clim\u00e1tico y todas las alternativas que apunten a obtener resultados m\u00e1s eficientes en esta materia toman especial relevancia. Si consideramos que m\u00e1s del 38% del consumo de energ\u00eda es utilizada por el sector de la industria y miner\u00eda, el [&hellip;]<\/p>\n","protected":false},"author":7,"featured_media":3957,"comment_status":"open","ping_status":"open","sticky":false,"template":"","format":"standard","meta":{"footnotes":""},"categories":[3],"tags":[],"class_list":["post-3952","post","type-post","status-publish","format-standard","has-post-thumbnail","hentry","category-noticias"],"_links":{"self":[{"href":"https:\/\/autoconsumo.minenergia.cl\/index.php?rest_route=\/wp\/v2\/posts\/3952","targetHints":{"allow":["GET"]}}],"collection":[{"href":"https:\/\/autoconsumo.minenergia.cl\/index.php?rest_route=\/wp\/v2\/posts"}],"about":[{"href":"https:\/\/autoconsumo.minenergia.cl\/index.php?rest_route=\/wp\/v2\/types\/post"}],"author":[{"embeddable":true,"href":"https:\/\/autoconsumo.minenergia.cl\/index.php?rest_route=\/wp\/v2\/users\/7"}],"replies":[{"embeddable":true,"href":"https:\/\/autoconsumo.minenergia.cl\/index.php?rest_route=%2Fwp%2Fv2%2Fcomments&post=3952"}],"version-history":[{"count":12,"href":"https:\/\/autoconsumo.minenergia.cl\/index.php?rest_route=\/wp\/v2\/posts\/3952\/revisions"}],"predecessor-version":[{"id":3984,"href":"https:\/\/autoconsumo.minenergia.cl\/index.php?rest_route=\/wp\/v2\/posts\/3952\/revisions\/3984"}],"wp:featuredmedia":[{"embeddable":true,"href":"https:\/\/autoconsumo.minenergia.cl\/index.php?rest_route=\/wp\/v2\/media\/3957"}],"wp:attachment":[{"href":"https:\/\/autoconsumo.minenergia.cl\/index.php?rest_route=%2Fwp%2Fv2%2Fmedia&parent=3952"}],"wp:term":[{"taxonomy":"category","embeddable":true,"href":"https:\/\/autoconsumo.minenergia.cl\/index.php?rest_route=%2Fwp%2Fv2%2Fcategories&post=3952"},{"taxonomy":"post_tag","embeddable":true,"href":"https:\/\/autoconsumo.minenergia.cl\/index.php?rest_route=%2Fwp%2Fv2%2Ftags&post=3952"}],"curies":[{"name":"wp","href":"https:\/\/api.w.org\/{rel}","templated":true}]}}