{"id":3981,"date":"2024-11-14T17:49:30","date_gmt":"2024-11-14T17:49:30","guid":{"rendered":"https:\/\/autoconsumo.minenergia.cl\/?p=3981"},"modified":"2025-01-30T17:51:53","modified_gmt":"2025-01-30T17:51:53","slug":"chile-avanza-en-la-ley-de-eficiencia-energetica","status":"publish","type":"post","link":"https:\/\/autoconsumo.minenergia.cl\/?p=3981","title":{"rendered":"Chile avanza en la Ley de Eficiencia Energ\u00e9tica"},"content":{"rendered":"\n<figure class=\"wp-block-image size-large is-resized\"><img loading=\"lazy\" decoding=\"async\" width=\"1024\" height=\"969\" src=\"https:\/\/autoconsumo.minenergia.cl\/wp-content\/uploads\/2024\/11\/DiarioElSur-EE-1024x969.jpg\" alt=\"\" class=\"wp-image-4022\" style=\"width:840px;height:auto\" srcset=\"https:\/\/autoconsumo.minenergia.cl\/wp-content\/uploads\/2024\/11\/DiarioElSur-EE-1024x969.jpg 1024w, https:\/\/autoconsumo.minenergia.cl\/wp-content\/uploads\/2024\/11\/DiarioElSur-EE-300x284.jpg 300w, https:\/\/autoconsumo.minenergia.cl\/wp-content\/uploads\/2024\/11\/DiarioElSur-EE-768x726.jpg 768w, https:\/\/autoconsumo.minenergia.cl\/wp-content\/uploads\/2024\/11\/DiarioElSur-EE-660x624.jpg 660w, https:\/\/autoconsumo.minenergia.cl\/wp-content\/uploads\/2024\/11\/DiarioElSur-EE.jpg 1440w\" sizes=\"auto, (max-width: 1024px) 100vw, 1024px\" \/><\/figure>\n\n\n\n<figure class=\"wp-block-image size-large\"><img loading=\"lazy\" decoding=\"async\" width=\"1024\" height=\"88\" src=\"https:\/\/autoconsumo.minenergia.cl\/wp-content\/uploads\/2024\/11\/DiarioElSur-EE-encabezado-1024x88.jpg\" alt=\"\" class=\"wp-image-4025\" srcset=\"https:\/\/autoconsumo.minenergia.cl\/wp-content\/uploads\/2024\/11\/DiarioElSur-EE-encabezado-1024x88.jpg 1024w, https:\/\/autoconsumo.minenergia.cl\/wp-content\/uploads\/2024\/11\/DiarioElSur-EE-encabezado-300x26.jpg 300w, https:\/\/autoconsumo.minenergia.cl\/wp-content\/uploads\/2024\/11\/DiarioElSur-EE-encabezado-768x66.jpg 768w, https:\/\/autoconsumo.minenergia.cl\/wp-content\/uploads\/2024\/11\/DiarioElSur-EE-encabezado-660x57.jpg 660w, https:\/\/autoconsumo.minenergia.cl\/wp-content\/uploads\/2024\/11\/DiarioElSur-EE-encabezado.jpg 1440w\" sizes=\"auto, (max-width: 1024px) 100vw, 1024px\" \/><\/figure>\n\n\n\n<p><\/p>\n\n\n\n<h2 class=\"wp-block-heading\"><strong>PRIMER REPORTE PUBLICO 2024 AVANCES EN LOS SISTEMAS DE GESTI\u00d3N DE ENERG\u00cdA<\/strong><\/h2>\n\n\n\n<p>El <a href=\"https:\/\/energia.gob.cl\/sites\/default\/files\/reporte_publico_2024_avances_sge_final.pdf\" data-type=\"link\" data-id=\"https:\/\/energia.gob.cl\/sites\/default\/files\/reporte_publico_2024_avances_sge_final.pdf\" target=\"_blank\" rel=\"noreferrer noopener\">PRIMER REPORTE PUBLICO 2024 AVANCES EN LOS SISTEMAS DE GESTI\u00d3N DE ENERG\u00cdA<\/a> fue publicado en diciembre de 2024, fue elaborado por la Unidad de Sectores Productivos de la Divisi\u00f3n de<br>Energ\u00edas Sostenibles del Ministerio de Energ\u00eda, y tiene por objetivo, disponer p\u00fablicamente y de<br>forma agregada, los avances realizados por los Consumidores con Capacidad de Gesti\u00f3n de<br>Energ\u00eda en el marco de la aplicaci\u00f3n del art\u00edculo 2 de la Ley N\u00b021.305 sobre Eficiencia<br>Energ\u00e9tica. <\/p>\n\n\n\n<h2 class=\"wp-block-heading\"><strong>CAMPA\u00d1A DE MAILINGS MASIVOS<\/strong>\u00a0<strong>PLAN DE MEDIOS EFICIENCIA ENERG\u00c9TICA<\/strong><\/h2>\n\n\n\n<figure class=\"wp-block-table\"><table class=\"has-fixed-layout\"><tbody><tr><td><a href=\"https:\/\/us22.campaign-archive.com\/?e=__test_email__&amp;u=eb6d084b5205ff025919fb09e&amp;id=e3fe1e72bc\" target=\"_blank\" rel=\"noreferrer noopener\"><strong>Pieza 1: <\/strong>Importancia de la Eficiencia Energ\u00e9tica para la Carbono- Neutralidad<\/a><\/td><\/tr><tr><td><a href=\"https:\/\/us22.campaign-archive.com\/?e=__test_email__&amp;u=eb6d084b5205ff025919fb09e&amp;id=7ac75ae545\" target=\"_blank\" rel=\"noreferrer noopener\"><strong>Pieza 2: <\/strong>Conoce m\u00e1s sobre la Ley de Eficiencia Energ\u00e9tica<\/a><\/td><\/tr><tr><td><a href=\"https:\/\/us22.campaign-archive.com\/?e=__test_email__&amp;u=eb6d084b5205ff025919fb09e&amp;id=c2ad436ae0\" target=\"_blank\" rel=\"noreferrer noopener\"><strong>Pieza 3: <\/strong>Sobre el art\u00edculo 2 y lo que implica para los grandes consumidores.<\/a><\/td><\/tr><tr><td><a href=\"https:\/\/us22.campaign-archive.com\/?e=__test_email__&amp;u=eb6d084b5205ff025919fb09e&amp;id=65ed2a9387\" target=\"_blank\" rel=\"noreferrer noopener\"><strong>Pieza 4: <\/strong>Qu\u00e9 es un SGE o Sistema de Gesti\u00f3n de Energ\u00eda<\/a><\/td><\/tr><tr><td><a href=\"https:\/\/us22.campaign-archive.com\/?e=__test_email__&amp;u=eb6d084b5205ff025919fb09e&amp;id=f0c4b7d124\" target=\"_blank\" rel=\"noreferrer noopener\"><strong>Pieza 5: <\/strong>Sobre el Gestor o Gestora Energ\u00e9tico\/a<\/a><\/td><\/tr><tr><td><a href=\"https:\/\/us22.campaign-archive.com\/?e=__test_email__&amp;u=eb6d084b5205ff025919fb09e&amp;id=1b9db1c0b0\" target=\"_blank\" rel=\"noreferrer noopener\"><strong>Pieza 6: <\/strong>Reporte de Consumo e Intensidad Energ\u00e9tica<\/a><\/td><\/tr><tr><td><a href=\"https:\/\/us22.campaign-archive.com\/?e=__test_email__&amp;u=eb6d084b5205ff025919fb09e&amp;id=1e6f914744\" target=\"_blank\" rel=\"noreferrer noopener\"><strong>Pieza 7: <\/strong>Informe de avance y Reporte P\u00fablico<\/a><\/td><\/tr><tr><td><a href=\"https:\/\/us22.campaign-archive.com\/?e=__test_email__&amp;u=eb6d084b5205ff025919fb09e&amp;id=048a716aa8\" target=\"_blank\" rel=\"noreferrer noopener\"><strong>Pieza 8: <\/strong>Buenas pr\u00e1cticas en EE: ACENOR<\/a><\/td><\/tr><\/tbody><\/table><\/figure>\n\n\n\n<p><\/p>\n","protected":false},"excerpt":{"rendered":"<p>PRIMER REPORTE PUBLICO 2024 AVANCES EN LOS SISTEMAS DE GESTI\u00d3N DE ENERG\u00cdA El PRIMER REPORTE PUBLICO 2024 AVANCES EN LOS SISTEMAS DE GESTI\u00d3N DE ENERG\u00cdA fue publicado en diciembre de 2024, fue elaborado por la Unidad de Sectores Productivos de la Divisi\u00f3n deEnerg\u00edas Sostenibles del Ministerio de Energ\u00eda, y tiene por objetivo, disponer p\u00fablicamente y [&hellip;]<\/p>\n","protected":false},"author":7,"featured_media":4022,"comment_status":"open","ping_status":"open","sticky":false,"template":"","format":"standard","meta":{"footnotes":""},"categories":[3],"tags":[],"class_list":["post-3981","post","type-post","status-publish","format-standard","has-post-thumbnail","hentry","category-noticias"],"_links":{"self":[{"href":"https:\/\/autoconsumo.minenergia.cl\/index.php?rest_route=\/wp\/v2\/posts\/3981","targetHints":{"allow":["GET"]}}],"collection":[{"href":"https:\/\/autoconsumo.minenergia.cl\/index.php?rest_route=\/wp\/v2\/posts"}],"about":[{"href":"https:\/\/autoconsumo.minenergia.cl\/index.php?rest_route=\/wp\/v2\/types\/post"}],"author":[{"embeddable":true,"href":"https:\/\/autoconsumo.minenergia.cl\/index.php?rest_route=\/wp\/v2\/users\/7"}],"replies":[{"embeddable":true,"href":"https:\/\/autoconsumo.minenergia.cl\/index.php?rest_route=%2Fwp%2Fv2%2Fcomments&post=3981"}],"version-history":[{"count":8,"href":"https:\/\/autoconsumo.minenergia.cl\/index.php?rest_route=\/wp\/v2\/posts\/3981\/revisions"}],"predecessor-version":[{"id":4030,"href":"https:\/\/autoconsumo.minenergia.cl\/index.php?rest_route=\/wp\/v2\/posts\/3981\/revisions\/4030"}],"wp:featuredmedia":[{"embeddable":true,"href":"https:\/\/autoconsumo.minenergia.cl\/index.php?rest_route=\/wp\/v2\/media\/4022"}],"wp:attachment":[{"href":"https:\/\/autoconsumo.minenergia.cl\/index.php?rest_route=%2Fwp%2Fv2%2Fmedia&parent=3981"}],"wp:term":[{"taxonomy":"category","embeddable":true,"href":"https:\/\/autoconsumo.minenergia.cl\/index.php?rest_route=%2Fwp%2Fv2%2Fcategories&post=3981"},{"taxonomy":"post_tag","embeddable":true,"href":"https:\/\/autoconsumo.minenergia.cl\/index.php?rest_route=%2Fwp%2Fv2%2Ftags&post=3981"}],"curies":[{"name":"wp","href":"https:\/\/api.w.org\/{rel}","templated":true}]}}