{"id":4031,"date":"2025-02-06T19:33:00","date_gmt":"2025-02-06T19:33:00","guid":{"rendered":"https:\/\/autoconsumo.minenergia.cl\/?p=4031"},"modified":"2025-04-03T19:38:37","modified_gmt":"2025-04-03T19:38:37","slug":"subsecretario-luis-felipe-ramos-y-representantes-de-la-union-europea-visitan-proyecto-ganador-de-ponle-energia-a-tu-empresa","status":"publish","type":"post","link":"https:\/\/autoconsumo.minenergia.cl\/?p=4031","title":{"rendered":"Subsecretario Luis Felipe Ramos y representantes de la Uni\u00f3n Europea visitan proyecto ganador de &#8220;Ponle Energ\u00eda a tu Empresa&#8221;"},"content":{"rendered":"\n<p><strong>La empresa Tecnoel\u00e9ctrica Valpara\u00edso Ltda., ubicada en Conc\u00f3n, llev\u00f3 a cabo un proyecto solar fotovoltaico, el cual recibi\u00f3 un cofinanciamiento de $46.475.550, con una inversi\u00f3n total de $84.501.000.\u00a0<\/strong><\/p>\n\n\n\n<figure class=\"wp-block-image size-full\"><img loading=\"lazy\" decoding=\"async\" width=\"525\" height=\"310\" src=\"https:\/\/autoconsumo.minenergia.cl\/wp-content\/uploads\/2025\/02\/tecnoelectrica.jpeg\" alt=\"\" class=\"wp-image-4035\" srcset=\"https:\/\/autoconsumo.minenergia.cl\/wp-content\/uploads\/2025\/02\/tecnoelectrica.jpeg 525w, https:\/\/autoconsumo.minenergia.cl\/wp-content\/uploads\/2025\/02\/tecnoelectrica-300x177.jpeg 300w\" sizes=\"auto, (max-width: 525px) 100vw, 525px\" \/><\/figure>\n\n\n\n<p>Hasta la Regi\u00f3n de Valpara\u00edso, espec\u00edficamente a la ciudad de Conc\u00f3n, lleg\u00f3 el Subsecretario de Energ\u00eda, Luis Felipe Ramos, acompa\u00f1ado por Francisco Garc\u00eda, Jefe de Cooperaci\u00f3n de la Delegaci\u00f3n de la Uni\u00f3n Europea en Chile, y la Seremi de Energ\u00eda de Valpara\u00edso, Anastassia Ottone, para conocer la planta fotovoltaica de 50 kW implementada por Tecnoel\u00e9ctrica Valpara\u00edso Ltda., en el marco del programa &#8220;Ponle Energ\u00eda a tu Empresa&#8221; 2023, iniciativa que tuvo como objetivo fomentar la incorporaci\u00f3n de energ\u00edas renovables para el autoconsumo en las empresas del pa\u00eds.&nbsp;<\/p>\n\n\n\n<p>Durante su visita, el Subsecretario Ramos destac\u00f3 la importancia del concurso: \u201cPonle Energ\u00eda a tu Empresa es un programa del cual, como Ministerio, nos sentimos profundamente orgullosos. Desde el Estado, con el apoyo de la Uni\u00f3n Europea y otras instituciones, hemos brindado respaldo directo a empresas que buscan ser m\u00e1s sostenibles, reduciendo su consumo energ\u00e9tico y contribuyendo a la lucha contra el cambio clim\u00e1tico. La incorporaci\u00f3n de energ\u00edas renovables no solo disminuye los costos de electricidad, sino que tambi\u00e9n reduce la emisi\u00f3n de gases de efecto invernadero, impulsando la competitividad y eficiencia de las empresas\u201d se\u00f1al\u00f3 la autoridad.&nbsp;<\/p>\n\n\n\n<p>Por su parte, Francisco Garc\u00eda, jefe de Cooperaci\u00f3n de la Delegaci\u00f3n de la Uni\u00f3n Europea en Chile, destac\u00f3 el trabajo conjunto que se ha desarrollado entre ambos organismos, \u201cdesde la Uni\u00f3n Europea estamos orgullosos de haber podido colaborar con Chile en el programa \u201cPonle energ\u00eda a tu empresa\u201d. Chile y la UE comparten el objetivo de descarbonizar totalmente sus econom\u00edas para 2050, programas como este demuestran que una transici\u00f3n verde justa no se trata de elegir entre ser sostenibles o ser competitivos, le empresa que hoy visitamos va a ser mucho m\u00e1s verde y sostenible, pero sobre todo mucho m\u00e1s competitiva gracias a esta inversi\u00f3n\u201d.&nbsp;<\/p>\n\n\n\n<p>&#8220;Estamos muy agradecidos de la visita del subsecretario a nuestra planta, y tambi\u00e9n muy orgullosos de este reconocimiento. Nuestra empresa tiene 27 a\u00f1os, y en todo este tiempo hemos&nbsp;buscado f\u00f3rmulas para hacer nuestros procesos m\u00e1s sustentables, m\u00e1s rentables, y tambi\u00e9n m\u00e1s inclusivos, formando a mujeres y j\u00f3venes en un oficio que es poco conocido, y en el que hay mucho que hacer&#8221; agreg\u00f3 Yolanda Quezada, gerenta general de Tecnoel\u00e9ctrica.<\/p>\n\n\n\n<p>Tecnoel\u00e9ctrica Valpara\u00edso Ltda, fue fundada en 1998 y es reconocida por su experiencia en generaci\u00f3n de energ\u00eda y mantenimiento el\u00e9ctrico en los sectores de miner\u00eda e industria. El proyecto realizado consisti\u00f3 en la implementaci\u00f3n de un sistema fotovoltaico de 50 kW on-grid bajo la modalidad de generaci\u00f3n distribuida, o netbilling, con un costo total de $84.601.000 y un cofinanciamiento del 55,05%, equivalente a $46.575.550, el cual fue implementado por Tesla Energy S.A. El proyecto cuenta con un sistema de almacenamiento por medio de bater\u00edas con una capacidad de 43,2 kWh.&nbsp;<\/p>\n\n\n\n<p>Esta planta, logra reducir sus costos de electricidad en casi un 40%, aumentando su competitividad y disminuyendo sus emisiones en 392,77 toneladas de CO\u2082 equivalente a lo largo de su vida \u00fatil (estimada en 20 a\u00f1os).&nbsp;<\/p>\n\n\n\n<p>El Ministerio de Energ\u00eda lanz\u00f3 dos versiones del concurso Ponle Energ\u00eda a tu Empresa, los a\u00f1os 2021 y 2023, destinando 2.200 millones de d\u00f3lares para cofinanciar sistemas de energ\u00edas renovables para autoconsumo en empresas. Se recibieron 440 postulaciones y se adjudicaron 62 proyectos, con montos de $7 a $60 millones de pesos, seg\u00fan tipo de proyecto y nivel de ventas.&nbsp;<\/p>\n\n\n\n<p>La versi\u00f3n 2023 incorpor\u00f3 bonificaciones adicionales para zonas extremas, comunas en transici\u00f3n justa, equidad de g\u00e9nero y pueblos originarios, tanto para empresas beneficiarias como para proveedores de tecnolog\u00eda renovable.&nbsp;<\/p>\n\n\n\n<p>Ponle Energ\u00eda a tu empresa es financiado con fondos de Mitigation Action Facility por encargo del Ministerio Federal de Econom\u00eda y Protecci\u00f3n del Clima (BMWK) de Alemania, el Departamento de Seguridad Energ\u00e9tica y Cero Neto (DESNZ) del Reino Unido, el Ministerio de Clima Energ\u00eda y Servicios P\u00fablicos (KEFM) de Dinamarca, el Ministerio de Asuntos Exteriores (MFA) de Dinamarca, la Uni\u00f3n Europea y la Fundaci\u00f3n del Fondo de Inversi\u00f3n para la Infancia (CIFF), a trav\u00e9s del KfW.&nbsp;<\/p>\n\n\n\n<figure class=\"wp-block-image size-large\"><img loading=\"lazy\" decoding=\"async\" width=\"1024\" height=\"577\" src=\"https:\/\/autoconsumo.minenergia.cl\/wp-content\/uploads\/2025\/02\/tecnoelectrica-2-1024x577.jpeg\" alt=\"\" class=\"wp-image-4037\" srcset=\"https:\/\/autoconsumo.minenergia.cl\/wp-content\/uploads\/2025\/02\/tecnoelectrica-2-1024x577.jpeg 1024w, https:\/\/autoconsumo.minenergia.cl\/wp-content\/uploads\/2025\/02\/tecnoelectrica-2-300x169.jpeg 300w, https:\/\/autoconsumo.minenergia.cl\/wp-content\/uploads\/2025\/02\/tecnoelectrica-2-768x432.jpeg 768w, https:\/\/autoconsumo.minenergia.cl\/wp-content\/uploads\/2025\/02\/tecnoelectrica-2-1536x865.jpeg 1536w, https:\/\/autoconsumo.minenergia.cl\/wp-content\/uploads\/2025\/02\/tecnoelectrica-2-2048x1153.jpeg 2048w, https:\/\/autoconsumo.minenergia.cl\/wp-content\/uploads\/2025\/02\/tecnoelectrica-2-660x372.jpeg 660w\" sizes=\"auto, (max-width: 1024px) 100vw, 1024px\" \/><\/figure>\n\n\n\n<p><br>\u00a0\u00a0<br>\u00a0<br>\u00a0<br>\u00a0<\/p>\n","protected":false},"excerpt":{"rendered":"<p>La empresa Tecnoel\u00e9ctrica Valpara\u00edso Ltda., ubicada en Conc\u00f3n, llev\u00f3 a cabo un proyecto solar fotovoltaico, el cual recibi\u00f3 un cofinanciamiento de $46.475.550, con una inversi\u00f3n total de $84.501.000.\u00a0 Hasta la Regi\u00f3n de Valpara\u00edso, espec\u00edficamente a la ciudad de Conc\u00f3n, lleg\u00f3 el Subsecretario de Energ\u00eda, Luis Felipe Ramos, acompa\u00f1ado por Francisco Garc\u00eda, Jefe de Cooperaci\u00f3n de [&hellip;]<\/p>\n","protected":false},"author":7,"featured_media":4032,"comment_status":"open","ping_status":"open","sticky":false,"template":"","format":"standard","meta":{"footnotes":""},"categories":[3],"tags":[],"class_list":["post-4031","post","type-post","status-publish","format-standard","has-post-thumbnail","hentry","category-noticias"],"_links":{"self":[{"href":"https:\/\/autoconsumo.minenergia.cl\/index.php?rest_route=\/wp\/v2\/posts\/4031","targetHints":{"allow":["GET"]}}],"collection":[{"href":"https:\/\/autoconsumo.minenergia.cl\/index.php?rest_route=\/wp\/v2\/posts"}],"about":[{"href":"https:\/\/autoconsumo.minenergia.cl\/index.php?rest_route=\/wp\/v2\/types\/post"}],"author":[{"embeddable":true,"href":"https:\/\/autoconsumo.minenergia.cl\/index.php?rest_route=\/wp\/v2\/users\/7"}],"replies":[{"embeddable":true,"href":"https:\/\/autoconsumo.minenergia.cl\/index.php?rest_route=%2Fwp%2Fv2%2Fcomments&post=4031"}],"version-history":[{"count":4,"href":"https:\/\/autoconsumo.minenergia.cl\/index.php?rest_route=\/wp\/v2\/posts\/4031\/revisions"}],"predecessor-version":[{"id":4038,"href":"https:\/\/autoconsumo.minenergia.cl\/index.php?rest_route=\/wp\/v2\/posts\/4031\/revisions\/4038"}],"wp:featuredmedia":[{"embeddable":true,"href":"https:\/\/autoconsumo.minenergia.cl\/index.php?rest_route=\/wp\/v2\/media\/4032"}],"wp:attachment":[{"href":"https:\/\/autoconsumo.minenergia.cl\/index.php?rest_route=%2Fwp%2Fv2%2Fmedia&parent=4031"}],"wp:term":[{"taxonomy":"category","embeddable":true,"href":"https:\/\/autoconsumo.minenergia.cl\/index.php?rest_route=%2Fwp%2Fv2%2Fcategories&post=4031"},{"taxonomy":"post_tag","embeddable":true,"href":"https:\/\/autoconsumo.minenergia.cl\/index.php?rest_route=%2Fwp%2Fv2%2Ftags&post=4031"}],"curies":[{"name":"wp","href":"https:\/\/api.w.org\/{rel}","templated":true}]}}