{"id":744,"date":"2017-08-31T00:00:37","date_gmt":"2017-08-31T00:00:37","guid":{"rendered":"http:\/\/localhost\/autoconsumo\/?p=744"},"modified":"2017-12-18T18:12:29","modified_gmt":"2017-12-18T18:12:29","slug":"id-la-clave-para-lograr-la-evolucion-de-la-biomasa","status":"publish","type":"post","link":"https:\/\/autoconsumo.minenergia.cl\/?p=744","title":{"rendered":"I+D, la clave para lograr la evoluci\u00f3n de la biomasa"},"content":{"rendered":"<p style=\"text-align: left;\">La Fundaci\u00f3n para la Innovaci\u00f3n Agraria y Corfo apoyan desde el Estado la investigaci\u00f3n. Pero el sector privado y la academia tambi\u00e9n tienen iniciativas.<\/p>\n<p><img loading=\"lazy\" decoding=\"async\" class=\"wp-image-745 alignnone\" src=\"https:\/\/autoconsumo.minenergia.cl\/wp-content\/uploads\/2017\/09\/01-300x194.png\" alt=\"\" width=\"736\" height=\"476\" srcset=\"https:\/\/autoconsumo.minenergia.cl\/wp-content\/uploads\/2017\/09\/01-300x194.png 300w, https:\/\/autoconsumo.minenergia.cl\/wp-content\/uploads\/2017\/09\/01.png 540w\" sizes=\"auto, (max-width: 736px) 100vw, 736px\" \/><\/p>\n<p style=\"text-align: left;\">Las denominadas tecnolog\u00edas de \u201cbiodigesti\u00f3n\u201d dependen del uso de los desechos agr\u00edcolas como recurso energ\u00e9tico, lo cual las hace sustentables y contribuye a mitigar el impacto del cambio clim\u00e1tico. Por ese motivo, la Fundaci\u00f3n para la Innovaci\u00f3n Agraria (FIA) y la<a href=\"http:\/\/www.sec.cl\/portal\/page?_pageid=33,1&amp;_dad=portal&amp;_schema=PORTAL\" target=\"_blank\" rel=\"noopener noreferrer\"><strong>\u00a0Superintendencia de Electricidad y Combustibles (SEC)<\/strong>\u00a0<\/a>comenzaron hace unos dos meses un programa para promover dicha innovaci\u00f3n.<\/p>\n<p>Este es uno de los tantos proyectos e iniciativas en I+D que est\u00e1 generando el desarrollo de la biomasa con todos sus colores y sabores en Chile. De hecho, FIA ha sido una de las entidades m\u00e1s activas al respecto a nivel local, apoyando diversas iniciativas relacionadas con biomasa y en la generaci\u00f3n de biog\u00e1s. Por ejemplo, aparte del convenio con la SEC, tienen algunos programas andando como \u201cPlantas de tratamiento de purines con biodigestor y co-generaci\u00f3n el\u00e9ctrica para riego de biofertilizante\u201d y \u201cPlanta de Biog\u00e1s y Cogeneraci\u00f3n de Energ\u00eda T\u00e9rmica -El\u00e9ctrica\u201d en la Regi\u00f3n de Los Lagos.<\/p>\n<p><strong>M\u00e1s informaci\u00f3n en: <\/strong><a href=\"http:\/\/www.revistaei.cl\/2017\/08\/31\/id-la-clave-lograr-la-evolucion-la-biomasa\/\"><strong>http:\/\/www.revistaei.cl\/2017\/08\/31\/id-la-clave-lograr-la-evolucion-la-biomasa\/<\/strong><\/a><\/p>\n","protected":false},"excerpt":{"rendered":"<p>La Fundaci\u00f3n para la Innovaci\u00f3n Agraria y Corfo apoyan desde el Estado la investigaci\u00f3n. Pero el sector privado y la academia tambi\u00e9n tienen iniciativas. Las denominadas tecnolog\u00edas de \u201cbiodigesti\u00f3n\u201d dependen del uso de los desechos agr\u00edcolas como recurso energ\u00e9tico, lo cual las hace sustentables y contribuye a mitigar el impacto del cambio clim\u00e1tico. Por ese [&hellip;]<\/p>\n","protected":false},"author":3,"featured_media":745,"comment_status":"open","ping_status":"open","sticky":false,"template":"","format":"standard","meta":{"footnotes":""},"categories":[3],"tags":[],"class_list":["post-744","post","type-post","status-publish","format-standard","has-post-thumbnail","hentry","category-noticias"],"_links":{"self":[{"href":"https:\/\/autoconsumo.minenergia.cl\/index.php?rest_route=\/wp\/v2\/posts\/744","targetHints":{"allow":["GET"]}}],"collection":[{"href":"https:\/\/autoconsumo.minenergia.cl\/index.php?rest_route=\/wp\/v2\/posts"}],"about":[{"href":"https:\/\/autoconsumo.minenergia.cl\/index.php?rest_route=\/wp\/v2\/types\/post"}],"author":[{"embeddable":true,"href":"https:\/\/autoconsumo.minenergia.cl\/index.php?rest_route=\/wp\/v2\/users\/3"}],"replies":[{"embeddable":true,"href":"https:\/\/autoconsumo.minenergia.cl\/index.php?rest_route=%2Fwp%2Fv2%2Fcomments&post=744"}],"version-history":[{"count":4,"href":"https:\/\/autoconsumo.minenergia.cl\/index.php?rest_route=\/wp\/v2\/posts\/744\/revisions"}],"predecessor-version":[{"id":1365,"href":"https:\/\/autoconsumo.minenergia.cl\/index.php?rest_route=\/wp\/v2\/posts\/744\/revisions\/1365"}],"wp:featuredmedia":[{"embeddable":true,"href":"https:\/\/autoconsumo.minenergia.cl\/index.php?rest_route=\/wp\/v2\/media\/745"}],"wp:attachment":[{"href":"https:\/\/autoconsumo.minenergia.cl\/index.php?rest_route=%2Fwp%2Fv2%2Fmedia&parent=744"}],"wp:term":[{"taxonomy":"category","embeddable":true,"href":"https:\/\/autoconsumo.minenergia.cl\/index.php?rest_route=%2Fwp%2Fv2%2Fcategories&post=744"},{"taxonomy":"post_tag","embeddable":true,"href":"https:\/\/autoconsumo.minenergia.cl\/index.php?rest_route=%2Fwp%2Fv2%2Ftags&post=744"}],"curies":[{"name":"wp","href":"https:\/\/api.w.org\/{rel}","templated":true}]}}