{"id":750,"date":"2017-08-10T12:00:30","date_gmt":"2017-08-10T12:00:30","guid":{"rendered":"http:\/\/localhost\/autoconsumo\/?p=750"},"modified":"2017-12-18T17:58:03","modified_gmt":"2017-12-18T17:58:03","slug":"desarrollan-innovador-sistema-de-calefaccion-aerotermica","status":"publish","type":"post","link":"https:\/\/autoconsumo.minenergia.cl\/?p=750","title":{"rendered":"Desarrollan innovador sistema de calefacci\u00f3n aerot\u00e9rmica"},"content":{"rendered":"<p>Proyecto impulsado por Corfo en conjunto con la Universidad de la Frontera, promete ser una soluci\u00f3n econ\u00f3mica y de alta eficiencia para el combate de la contaminaci\u00f3n.<\/p>\n<p>Energ\u00eda limpia, alta eficiencia y menor costo para el usuario, son algunas de las bondades que ofrece un innovador proyecto de calefacci\u00f3n aerot\u00e9rmica que a futuro podr\u00eda transformarse en una soluci\u00f3n para las zonas residenciales del sur de Chile, altamente contaminadas por material particulado fino.<\/p>\n<p>La iniciativa desarrollada por la empresa Geotermika S.A. con financiamiento de Corfo, cuenta adem\u00e1s con el apoyo de la Universidad de La Frontera a trav\u00e9s del Programa de Vinculaci\u00f3n Ciencia Empresa que busca asociar a las necesidades u oportunidades de las empresas con tecnolog\u00edas y conocimiento generados en la universidad, con el fin de mejorar la calidad de vida las personas.<\/p>\n<p>De esta manera, actualmente en el Laboratorio de Eficiencia Energ\u00e9tica de la Ufro existe un prototipo del innovador sistema, el que fue conocido por el ministro de Medio Ambiente, Marcelo Mena, en su reciente visita a la Regi\u00f3n.<\/p>\n<p>\u201cEsta es una clara muestra que la colaboraci\u00f3n entre ciencia y empresa es fundamental. El trabajo de fomento productivo de Corfo en el contexto del Plan de Descontaminaci\u00f3n; el trabajo entre la Universidad de La Frontera y la empresa privada para dar soluci\u00f3n a un problema que tenemos a nivel pa\u00eds, es un ejemplo de c\u00f3mo podemos dar soluciones eficientes para nuestra poblaci\u00f3n\u201d, expres\u00f3 el titular de Medio Ambiente al conocer el modelo con el que ya se han efectuado las primeras pruebas.<\/p>\n<p>M\u00e1s informaci\u00f3n en <a href=\"http:\/\/www.revistaei.cl\/2017\/08\/10\/desarrollan-innovador-sistema-calefaccion-aerotermica\/\">http:\/\/www.revistaei.cl\/2017\/08\/10\/desarrollan-innovador-sistema-calefaccion-aerotermica\/<\/a><\/p>\n","protected":false},"excerpt":{"rendered":"<p>Proyecto impulsado por Corfo en conjunto con la Universidad de la Frontera, promete ser una soluci\u00f3n econ\u00f3mica y de alta eficiencia para el combate de la contaminaci\u00f3n. Energ\u00eda limpia, alta eficiencia y menor costo para el usuario, son algunas de las bondades que ofrece un innovador proyecto de calefacci\u00f3n aerot\u00e9rmica que a futuro podr\u00eda transformarse [&hellip;]<\/p>\n","protected":false},"author":3,"featured_media":751,"comment_status":"open","ping_status":"open","sticky":false,"template":"","format":"standard","meta":{"footnotes":""},"categories":[3],"tags":[],"class_list":["post-750","post","type-post","status-publish","format-standard","has-post-thumbnail","hentry","category-noticias"],"_links":{"self":[{"href":"https:\/\/autoconsumo.minenergia.cl\/index.php?rest_route=\/wp\/v2\/posts\/750","targetHints":{"allow":["GET"]}}],"collection":[{"href":"https:\/\/autoconsumo.minenergia.cl\/index.php?rest_route=\/wp\/v2\/posts"}],"about":[{"href":"https:\/\/autoconsumo.minenergia.cl\/index.php?rest_route=\/wp\/v2\/types\/post"}],"author":[{"embeddable":true,"href":"https:\/\/autoconsumo.minenergia.cl\/index.php?rest_route=\/wp\/v2\/users\/3"}],"replies":[{"embeddable":true,"href":"https:\/\/autoconsumo.minenergia.cl\/index.php?rest_route=%2Fwp%2Fv2%2Fcomments&post=750"}],"version-history":[{"count":8,"href":"https:\/\/autoconsumo.minenergia.cl\/index.php?rest_route=\/wp\/v2\/posts\/750\/revisions"}],"predecessor-version":[{"id":1356,"href":"https:\/\/autoconsumo.minenergia.cl\/index.php?rest_route=\/wp\/v2\/posts\/750\/revisions\/1356"}],"wp:featuredmedia":[{"embeddable":true,"href":"https:\/\/autoconsumo.minenergia.cl\/index.php?rest_route=\/wp\/v2\/media\/751"}],"wp:attachment":[{"href":"https:\/\/autoconsumo.minenergia.cl\/index.php?rest_route=%2Fwp%2Fv2%2Fmedia&parent=750"}],"wp:term":[{"taxonomy":"category","embeddable":true,"href":"https:\/\/autoconsumo.minenergia.cl\/index.php?rest_route=%2Fwp%2Fv2%2Fcategories&post=750"},{"taxonomy":"post_tag","embeddable":true,"href":"https:\/\/autoconsumo.minenergia.cl\/index.php?rest_route=%2Fwp%2Fv2%2Ftags&post=750"}],"curies":[{"name":"wp","href":"https:\/\/api.w.org\/{rel}","templated":true}]}}